{"id":14165,"date":"2021-02-19T09:15:03","date_gmt":"2021-02-19T12:15:03","guid":{"rendered":"http:\/\/www.centraldenoticias.com.ar\/?p=14165"},"modified":"2021-02-19T11:44:13","modified_gmt":"2021-02-19T14:44:13","slug":"polo-judicial-voy-a-visitar-la-obra-para-ver-el-estado-en-que-esta","status":"publish","type":"post","link":"https:\/\/cdnoticias.com\/index.php\/2021\/02\/19\/polo-judicial-voy-a-visitar-la-obra-para-ver-el-estado-en-que-esta\/","title":{"rendered":"Polo Judicial: \u201cVoy a visitar la obra para ver el estado en que est\u00e1\u201d"},"content":{"rendered":"<p>El ministro de Justicia, Julio Alak, confirm\u00f3 que visitar\u00e1 la obra del Polo Judicial paralizado tras varios meses sin obras. Se\u00f1al\u00f3 que hubo pagos por obras no realizadas, y se indagar\u00e1 sobre lo sucedido. Tambi\u00e9n opin\u00f3 sobre la salida del Juez de la Corte, Eduardo De Lazzari.<!--more--><\/p>\n<hr \/>\n<p>En la <a href=\"https:\/\/cdnoticias.com\/index.php\/2021\/02\/18\/homenaje-al-negro-moreno-aca-durante-la-dictadura-los-silencios-aturdian\/\" target=\"_blank\" rel=\"noopener\">emotiva jornada de homenaje a Carlos \u201cNegro\u201d Moreno<\/a>, <strong>el ministro de Justicia de la Provincia, Julio Alak, dialog\u00f3 con los medios<\/strong> acerca de la llegada de funcionarios a la S\u00e9ptima Secci\u00f3n, la obra del Polo Judicial que contin\u00faa sin avances, y la salida de Eduardo De Lazzari de la Suprema Corte bonaerense.<\/p>\n<p>&nbsp;<\/p>\n<p>Alak se\u00f1al\u00f3 que acompa\u00f1aron al gobernador Kicillof en Roque P\u00e9rez donde <em>\u201cse llevaron adelante obras de ampliaci\u00f3n del R\u00edo Salado que es tan importante para la regi\u00f3n para aprovechar m\u00e1s hect\u00e1reas y as\u00ed cultivar m\u00e1s\u201d.<\/em><\/p>\n<p>&nbsp;<\/p>\n<p><img data-recalc-dims=\"1\" loading=\"lazy\" decoding=\"async\" class=\"alignnone size-full wp-image-14140\" src=\"https:\/\/i0.wp.com\/cdnoticias.com\/wp-content\/uploads\/2021\/02\/HomenajeMoreno2.jpg?resize=800%2C545&#038;ssl=1\" alt=\"\" width=\"800\" height=\"545\" srcset=\"https:\/\/i0.wp.com\/cdnoticias.com\/wp-content\/uploads\/2021\/02\/HomenajeMoreno2.jpg?w=3984&amp;ssl=1 3984w, https:\/\/i0.wp.com\/cdnoticias.com\/wp-content\/uploads\/2021\/02\/HomenajeMoreno2.jpg?resize=300%2C204&amp;ssl=1 300w, https:\/\/i0.wp.com\/cdnoticias.com\/wp-content\/uploads\/2021\/02\/HomenajeMoreno2.jpg?resize=768%2C523&amp;ssl=1 768w, https:\/\/i0.wp.com\/cdnoticias.com\/wp-content\/uploads\/2021\/02\/HomenajeMoreno2.jpg?resize=1024%2C697&amp;ssl=1 1024w, https:\/\/i0.wp.com\/cdnoticias.com\/wp-content\/uploads\/2021\/02\/HomenajeMoreno2.jpg?w=1600&amp;ssl=1 1600w, https:\/\/i0.wp.com\/cdnoticias.com\/wp-content\/uploads\/2021\/02\/HomenajeMoreno2.jpg?w=2400&amp;ssl=1 2400w\" sizes=\"auto, (max-width: 800px) 100vw, 800px\" \/><\/p>\n<p>&nbsp;<\/p>\n<p>Tambi\u00e9n valor\u00f3<em> \u201cponer en marcha el programa que anunci\u00f3 mejoras en los caminos rurales de la Provincia de m\u00e1s de 1000 kil\u00f3metros y tambi\u00e9n para llevar adelante este plan de escrituras sociales\u201d<\/em>. <strong>Adelant\u00f3 su presencia, en tanto, de la entrega de escrituras a vecinos olavarrienses pautado para las 10 en el Centro Cultural San Jos\u00e9.<\/strong><\/p>\n<p>&nbsp;<\/p>\n<blockquote><p>\u201cEso genera mucha angustia en las personas porque no tienen perfeccionado su derecho de dominio, y esta entrega es un hecho positivo que lo hacemos de forma gratuita. Vamos a hacer aproximadamente 60.000 escrituras sociales este a\u00f1o en la Provincia de Buenos Aires y 700 por lo menos aqu\u00ed en Olavarr\u00eda\u201d agreg\u00f3.<\/p><\/blockquote>\n<p>&nbsp;<\/p>\n<p>Tambi\u00e9n confirm\u00f3 que visitar\u00e1n las Unidades Penitenciarias de Sierra Chica.<\/p>\n<p>&nbsp;<\/p>\n<p><em>\u201cEstamos yendo m\u00e1s a los distritos\u201d<\/em> se\u00f1al\u00f3 Alak, e indic\u00f3 que <em>\u201cno lo hac\u00edamos antes no por voluntad nuestra sino para no generar congesti\u00f3n de gente y ahora que hemos aprendido todos normas de distanciamiento vamos a seguir\u201d.<\/em><\/p>\n<p>&nbsp;<\/p>\n<p>Con respecto a la obra del Polo Judicial \u2013que actualmente se encuentra paralizada- Alak indic\u00f3 que hay <em>\u201ccuatro obras importantes del Poder Judicial en la Provincia de Buenos Aires\u201d<\/em> y que <strong><em>\u201cest\u00e1n paralizadas por qu\u00e9 hubo denuncias de errores en la facturaci\u00f3n de obras y sobreprecios en el gobierno anterior\u201d.<\/em><\/strong><\/p>\n<p>&nbsp;<\/p>\n<blockquote><p>\u201cEsas denuncias fueron formuladas por el fiscal de Estado y por el ex Presidente de la Suprema Corte de Justicia doctor De Lazzari ante la Justicia Penal de La Plata y estamos viendo de qu\u00e9 manera la justicia permite el reinicio de obra\u201d.<\/p><\/blockquote>\n<p>&nbsp;<\/p>\n<p>Con respecto al Ejecutivo provincial,<em> \u201cel gobernador Kicillof tom\u00f3 la decisi\u00f3n de terminar las 4 obras y el presupuesto vigente 2021 contempla los fondos para la terminaci\u00f3n del Polo Judicial de Olavarr\u00eda\u201d.<\/em> En este sentido, confirm\u00f3 que<strong><em> \u201cvoy a visitar la obra para ver el estado en que est\u00e1, pero estamos trabajando a nivel del Ministerio P\u00fablico, la Jefatura de los Fiscales y a nivel de la administraci\u00f3n de Justicia para ver si encontramos la posibilidad de que m\u00e1s all\u00e1 de la responsabilidad penal de los funcionarios de entonces que certificaron obras que no estaban realizadas y se pagaron obras no realizadas, las obras igual pueden continuar\u201d.<\/em><\/strong><\/p>\n<p>&nbsp;<\/p>\n<p><img data-recalc-dims=\"1\" loading=\"lazy\" decoding=\"async\" class=\"alignnone size-full wp-image-14123\" src=\"https:\/\/i0.wp.com\/cdnoticias.com\/wp-content\/uploads\/2021\/02\/homenaje-moreno2.jpg?resize=800%2C600&#038;ssl=1\" alt=\"\" width=\"800\" height=\"600\" srcset=\"https:\/\/i0.wp.com\/cdnoticias.com\/wp-content\/uploads\/2021\/02\/homenaje-moreno2.jpg?w=1152&amp;ssl=1 1152w, https:\/\/i0.wp.com\/cdnoticias.com\/wp-content\/uploads\/2021\/02\/homenaje-moreno2.jpg?resize=300%2C225&amp;ssl=1 300w, https:\/\/i0.wp.com\/cdnoticias.com\/wp-content\/uploads\/2021\/02\/homenaje-moreno2.jpg?resize=768%2C576&amp;ssl=1 768w, https:\/\/i0.wp.com\/cdnoticias.com\/wp-content\/uploads\/2021\/02\/homenaje-moreno2.jpg?resize=1024%2C768&amp;ssl=1 1024w\" sizes=\"auto, (max-width: 800px) 100vw, 800px\" \/><\/p>\n<p>&nbsp;<\/p>\n<p>Tras la renuncia de Eduardo De Lazzari en la Suprema Corte, Alak se\u00f1al\u00f3 que las reformas integrales de la Justicia son importantes y<em> \u201cen los c\u00f3digos de procedimientos, del C\u00f3digo Procesal Civil y Comercial para acelerar, ampliaci\u00f3n de servicios judiciales, nos reclaman en much\u00edsimos lugares m\u00e1s fiscal\u00edas, fiscal\u00edas especializadas en g\u00e9nero para ver si se puede de alguna manera prevenir y atenuar los femicidios\u201d.<\/em><\/p>\n<p>&nbsp;<\/p>\n<blockquote><p>\u201cHay una necesidad de la poblaci\u00f3n bonaerense de ampliar el sistema de Justicia y estamos trabajando en ese sentido\u201d.<\/p><\/blockquote>\n<p>&nbsp;<\/p>\n<p>Con respecto a la renuncia de De Lazzari,<em> \u201cpara nosotros es una mala noticia porque es un enorme Juez de la Provincia de Buenos Aires, con una enorme carrera, pero cumpli\u00f3 75 a\u00f1os y consider\u00f3 que deb\u00eda presentar la renuncia\u201d. \u201cEs una p\u00e9rdida importante para el Poder Judicial bonaerense, es un juez de notables cualidades en su honestidad moral capacidad intelectual capacidad de trabajo\u201d<\/em> agreg\u00f3 y volvi\u00f3 a aclarar que <em>\u201cno se puede retener en el cargo a quien ya ha brindado un servicio durante much\u00edsimos a\u00f1os\u201d.<\/em><\/p>\n<p>&nbsp;<\/p>\n<p>En este sentido, y con dos vacantes en la Corte de la Provincia, <em>\u201cel gobernador ver\u00e1 el momento oportuno de mandar los pliegos para cubrirlas y que la Suprema Corte tenga los siete jueces qu\u00e9 necesita para funcionar y no cinco como ahora\u201d<\/em>. Insisti\u00f3 y ratific\u00f3, al finalizar, que el gobernador va a evaluar<strong><em> \u201cdetenidamente quienes podr\u00edan ocupar esa funci\u00f3n y le llevar\u00e1 un tiempo\u201d.<\/em><\/strong><\/p>\n","protected":false},"excerpt":{"rendered":"<p>El ministro de Justicia, Julio Alak, confirm\u00f3 que visitar\u00e1 la obra del Polo Judicial paralizado tras varios meses sin obras.<\/p>\n","protected":false},"author":2,"featured_media":14138,"comment_status":"closed","ping_status":"closed","sticky":false,"template":"","format":"standard","meta":{"_jetpack_memberships_contains_paid_content":false,"footnotes":""},"categories":[5,1],"tags":[],"class_list":["post-14165","post","type-post","status-publish","format-standard","has-post-thumbnail","hentry","category-informacion-general","category-portada"],"jetpack_featured_media_url":"https:\/\/i0.wp.com\/cdnoticias.com\/wp-content\/uploads\/2021\/02\/Alak-Ministro.jpg?fit=4608%2C3072&ssl=1","jetpack_sharing_enabled":true,"_links":{"self":[{"href":"https:\/\/cdnoticias.com\/index.php\/wp-json\/wp\/v2\/posts\/14165","targetHints":{"allow":["GET"]}}],"collection":[{"href":"https:\/\/cdnoticias.com\/index.php\/wp-json\/wp\/v2\/posts"}],"about":[{"href":"https:\/\/cdnoticias.com\/index.php\/wp-json\/wp\/v2\/types\/post"}],"author":[{"embeddable":true,"href":"https:\/\/cdnoticias.com\/index.php\/wp-json\/wp\/v2\/users\/2"}],"replies":[{"embeddable":true,"href":"https:\/\/cdnoticias.com\/index.php\/wp-json\/wp\/v2\/comments?post=14165"}],"version-history":[{"count":0,"href":"https:\/\/cdnoticias.com\/index.php\/wp-json\/wp\/v2\/posts\/14165\/revisions"}],"wp:featuredmedia":[{"embeddable":true,"href":"https:\/\/cdnoticias.com\/index.php\/wp-json\/wp\/v2\/media\/14138"}],"wp:attachment":[{"href":"https:\/\/cdnoticias.com\/index.php\/wp-json\/wp\/v2\/media?parent=14165"}],"wp:term":[{"taxonomy":"category","embeddable":true,"href":"https:\/\/cdnoticias.com\/index.php\/wp-json\/wp\/v2\/categories?post=14165"},{"taxonomy":"post_tag","embeddable":true,"href":"https:\/\/cdnoticias.com\/index.php\/wp-json\/wp\/v2\/tags?post=14165"}],"curies":[{"name":"wp","href":"https:\/\/api.w.org\/{rel}","templated":true}]}}