{"id":141641,"date":"2021-09-12T13:37:36","date_gmt":"2021-09-12T16:37:36","guid":{"rendered":"http:\/\/centraldeportes.com.ar\/?p=4778"},"modified":"2025-01-28T23:58:47","modified_gmt":"2025-01-29T02:58:47","slug":"los-representantes-fortineros-se-lucieron-en-mar-del-plata","status":"publish","type":"post","link":"https:\/\/cdnoticias.com\/index.php\/2021\/09\/12\/los-representantes-fortineros-se-lucieron-en-mar-del-plata\/","title":{"rendered":"Los representantes \u201cFortineros\u201d se lucieron en Mar del Plata"},"content":{"rendered":"<p>El pasado s\u00e1bado, los atletas del Club El Fort\u00edn se presentaron en Mar del Plata y hubo podios para todos los representantes en un torneo de pista y campo.<!--more--><\/p>\n<hr \/>\n<p>Bautista Astiz, Lautaro \u00c1lvarez, Ignacio Alga\u00f1araz y Tatiana Tonel se presentaron en la ciudad balnearia y los cuatro olavarrienses lograron subirse al podio.<\/p>\n<p>&nbsp;<\/p>\n<p>En 100 metros mayores, el triunfo fue para Bautista Astiz con un registro de 11.15 y en los dos metros, Astiz fue segundo con un tiempo de 22.56.<\/p>\n<p>&nbsp;<\/p>\n<p>Lautaro \u00c1lvarez con un registro de 17.88 y en su primera participaci\u00f3n en la distancia de 110 metros con vallas Sub20, se qued\u00f3 con el primer lugar del podio y en los 200 metros fue cuarto con 26.71, distancia donde se impuso Ignacio Alga\u00f1araz con un registro de 24.69.<\/p>\n<p>&nbsp;<\/p>\n<p>Alga\u00f1araz tambi\u00e9n particip\u00f3 en los 800 metros donde fue quinto con 2:14.72.<\/p>\n<p>&nbsp;<\/p>\n<p>Por el lado de las Damas, en la prueba de 200 metros, Tatiana Tonel logr\u00f3 el 1\u00b0 lugar con un registro de28.59.<\/p>\n","protected":false},"excerpt":{"rendered":"<p>El pasado s\u00e1bado, los atletas del Club El Fort\u00edn se presentaron en Mar del Plata y hubo podios para todos<\/p>\n","protected":false},"author":96739694,"featured_media":143301,"comment_status":"closed","ping_status":"closed","sticky":false,"template":"","format":"standard","meta":{"_jetpack_memberships_contains_paid_content":false,"footnotes":""},"categories":[38,1],"tags":[],"class_list":["post-141641","post","type-post","status-publish","format-standard","has-post-thumbnail","hentry","category-pedestrismo","category-portada"],"jetpack_featured_media_url":"https:\/\/i0.wp.com\/cdnoticias.com\/wp-content\/uploads\/2021\/08\/atletismo-portada.png?fit=800%2C445&ssl=1","jetpack_sharing_enabled":true,"_links":{"self":[{"href":"https:\/\/cdnoticias.com\/index.php\/wp-json\/wp\/v2\/posts\/141641","targetHints":{"allow":["GET"]}}],"collection":[{"href":"https:\/\/cdnoticias.com\/index.php\/wp-json\/wp\/v2\/posts"}],"about":[{"href":"https:\/\/cdnoticias.com\/index.php\/wp-json\/wp\/v2\/types\/post"}],"author":[{"embeddable":true,"href":"https:\/\/cdnoticias.com\/index.php\/wp-json\/wp\/v2\/users\/96739694"}],"replies":[{"embeddable":true,"href":"https:\/\/cdnoticias.com\/index.php\/wp-json\/wp\/v2\/comments?post=141641"}],"version-history":[{"count":0,"href":"https:\/\/cdnoticias.com\/index.php\/wp-json\/wp\/v2\/posts\/141641\/revisions"}],"wp:featuredmedia":[{"embeddable":true,"href":"https:\/\/cdnoticias.com\/index.php\/wp-json\/wp\/v2\/media\/143301"}],"wp:attachment":[{"href":"https:\/\/cdnoticias.com\/index.php\/wp-json\/wp\/v2\/media?parent=141641"}],"wp:term":[{"taxonomy":"category","embeddable":true,"href":"https:\/\/cdnoticias.com\/index.php\/wp-json\/wp\/v2\/categories?post=141641"},{"taxonomy":"post_tag","embeddable":true,"href":"https:\/\/cdnoticias.com\/index.php\/wp-json\/wp\/v2\/tags?post=141641"}],"curies":[{"name":"wp","href":"https:\/\/api.w.org\/{rel}","templated":true}]}}