{"id":141638,"date":"2021-09-11T20:21:58","date_gmt":"2021-09-11T23:21:58","guid":{"rendered":"http:\/\/centraldeportes.com.ar\/?p=4768"},"modified":"2025-01-28T23:59:02","modified_gmt":"2025-01-29T02:59:02","slug":"alejandro-weimann-fue-16o-en-rafaela","status":"publish","type":"post","link":"https:\/\/cdnoticias.com\/index.php\/2021\/09\/11\/alejandro-weimann-fue-16o-en-rafaela\/","title":{"rendered":"Alejandro Weimann fue 16\u00ba en Rafaela"},"content":{"rendered":"<p>El TC Pista corri\u00f3 su final este s\u00e1bado por las elecciones legislativas, y Santiago \u00c1lvarez se qued\u00f3 con la victoria en esta primera prueba del Playoff. \u201cBebo\u201d pudo llegar en el 16\u00ba lugar con el Torino.<\/p>\n<p><!--more--><\/p>\n<hr \/>\n<p>Rafaela siempre suele ser un desaf\u00edo para todos los protagonistas, un escenario veloz que al olavarriense lo tuvo compitiendo por primera vez en la categor\u00eda telonera del TC.<\/p>\n<p>&nbsp;<\/p>\n<p>Tras arribar s\u00e9ptimo en la serie, parti\u00f3 desde la decimosexta colocaci\u00f3n, luch\u00f3 en un pelot\u00f3n apretado y pudo completar la final en el 16\u00ba lugar, aunque podr\u00eda haber terminado m\u00e1s adelante.<\/p>\n<p>&nbsp;<\/p>\n<p>Las Dodge completaron el podio en el veloz trazado rafaelino, y Santiago \u00c1lvarez, se impuso pese a las ajustadas reanudaciones que provoc\u00f3 el ingreso del auto de seguridad en dos oportunidades. Ahora \u00c1lvarez lidera la Copa de Plata con 53 puntos.<\/p>\n<p>&nbsp;<\/p>\n<p>El podio, repleto de la marca del Carnero, lo completaron Mart\u00edn V\u00e1zquez y Ian Reutemann. La pr\u00f3xima fecha ser\u00e1 el 3 de Octubre en San Lu\u00eds.<\/p>\n","protected":false},"excerpt":{"rendered":"<p>El TC Pista corri\u00f3 su final este s\u00e1bado por las elecciones legislativas, y Santiago \u00c1lvarez se qued\u00f3 con la victoria<\/p>\n","protected":false},"author":96739694,"featured_media":143605,"comment_status":"closed","ping_status":"closed","sticky":false,"template":"","format":"standard","meta":{"_jetpack_memberships_contains_paid_content":false,"footnotes":""},"categories":[34,1,48],"tags":[],"class_list":["post-141638","post","type-post","status-publish","format-standard","has-post-thumbnail","hentry","category-automovilismo","category-portada","category-tc-pista"],"jetpack_featured_media_url":"https:\/\/i0.wp.com\/cdnoticias.com\/wp-content\/uploads\/2021\/09\/WhatsApp-Image-2021-09-11-at-7.50.09-PM.jpeg?fit=960%2C540&ssl=1","jetpack_sharing_enabled":true,"_links":{"self":[{"href":"https:\/\/cdnoticias.com\/index.php\/wp-json\/wp\/v2\/posts\/141638","targetHints":{"allow":["GET"]}}],"collection":[{"href":"https:\/\/cdnoticias.com\/index.php\/wp-json\/wp\/v2\/posts"}],"about":[{"href":"https:\/\/cdnoticias.com\/index.php\/wp-json\/wp\/v2\/types\/post"}],"author":[{"embeddable":true,"href":"https:\/\/cdnoticias.com\/index.php\/wp-json\/wp\/v2\/users\/96739694"}],"replies":[{"embeddable":true,"href":"https:\/\/cdnoticias.com\/index.php\/wp-json\/wp\/v2\/comments?post=141638"}],"version-history":[{"count":0,"href":"https:\/\/cdnoticias.com\/index.php\/wp-json\/wp\/v2\/posts\/141638\/revisions"}],"wp:featuredmedia":[{"embeddable":true,"href":"https:\/\/cdnoticias.com\/index.php\/wp-json\/wp\/v2\/media\/143605"}],"wp:attachment":[{"href":"https:\/\/cdnoticias.com\/index.php\/wp-json\/wp\/v2\/media?parent=141638"}],"wp:term":[{"taxonomy":"category","embeddable":true,"href":"https:\/\/cdnoticias.com\/index.php\/wp-json\/wp\/v2\/categories?post=141638"},{"taxonomy":"post_tag","embeddable":true,"href":"https:\/\/cdnoticias.com\/index.php\/wp-json\/wp\/v2\/tags?post=141638"}],"curies":[{"name":"wp","href":"https:\/\/api.w.org\/{rel}","templated":true}]}}