{"id":141636,"date":"2021-09-11T19:24:16","date_gmt":"2021-09-11T22:24:16","guid":{"rendered":"http:\/\/centraldeportes.com.ar\/?p=4735"},"modified":"2025-01-28T23:59:05","modified_gmt":"2025-01-29T02:59:05","slug":"estudiantes-dio-inicio-a-una-capacitacion-kayak-de-travesia","status":"publish","type":"post","link":"https:\/\/cdnoticias.com\/index.php\/2021\/09\/11\/estudiantes-dio-inicio-a-una-capacitacion-kayak-de-travesia\/","title":{"rendered":"Estudiantes dio inicio a una capacitaci\u00f3n: \u201cKayak de traves\u00eda\u201d"},"content":{"rendered":"<p>Comenz\u00f3 el curso te\u00f3rico pr\u00e1ctico de \u201cKayak de traves\u00eda\u201d en el mediod\u00eda de este s\u00e1bado y con 15 personas que se acercaron a la clase te\u00f3rica.<!--more--><\/p>\n<hr \/>\n<p>La actividad denominada \u201cKayak de traves\u00eda\u201d est\u00e1 compuesta de ocho clases los s\u00e1bados de 12 a 13.30 hs., a partir del 18 de septiembre y est\u00e1 destinada destinado a p\u00fablico adulto, abordar\u00e1 fundamentos t\u00e9cnicos, elecci\u00f3n de botes y equipos adecuados para cada necesidad, maniobra de rescate y se cerrar\u00e1 con una traves\u00eda.<\/p>\n<p>&nbsp;<\/p>\n<p>Este s\u00e1bado se realiz\u00f3 la cl\u00ednica gratuita introductoria en que se presentar\u00e1n los temas y se explicar\u00e1n los beneficios de la pr\u00e1ctica del kayakismo para la salud tanto f\u00edsica como emocional, al tratarse de una actividad muy f\u00e1cil de aprender, de bajo impacto articular y al aire libre. La traves\u00eda en kayak, ya sea de unas pocas horas o varios d\u00edas, agrega un condimento extra a la actividad, permitiendo un \u201cdesenchufe\u201d de la rutina diaria en contacto con la naturaleza.<\/p>\n<p>&nbsp;<\/p>\n<p>[soliloquy slug=&#8221;kayak-de-travesia&#8221;]<\/p>\n<p>&nbsp;<\/p>\n<p>El curso comenz\u00f3 con 15 personas y es dictado por el profesor Santiago Ter\u00fa, entrenador del club.<\/p>\n","protected":false},"excerpt":{"rendered":"<p>Comenz\u00f3 el curso te\u00f3rico pr\u00e1ctico de \u201cKayak de traves\u00eda\u201d en el mediod\u00eda de este s\u00e1bado y con 15 personas que<\/p>\n","protected":false},"author":96739694,"featured_media":143608,"comment_status":"closed","ping_status":"closed","sticky":false,"template":"","format":"standard","meta":{"_jetpack_memberships_contains_paid_content":false,"footnotes":""},"categories":[30,1],"tags":[],"class_list":["post-141636","post","type-post","status-publish","format-standard","has-post-thumbnail","hentry","category-polideportivo","category-portada"],"jetpack_featured_media_url":"https:\/\/i0.wp.com\/cdnoticias.com\/wp-content\/uploads\/2021\/09\/KAYAK-4.png?fit=1280%2C853&ssl=1","jetpack_sharing_enabled":true,"_links":{"self":[{"href":"https:\/\/cdnoticias.com\/index.php\/wp-json\/wp\/v2\/posts\/141636","targetHints":{"allow":["GET"]}}],"collection":[{"href":"https:\/\/cdnoticias.com\/index.php\/wp-json\/wp\/v2\/posts"}],"about":[{"href":"https:\/\/cdnoticias.com\/index.php\/wp-json\/wp\/v2\/types\/post"}],"author":[{"embeddable":true,"href":"https:\/\/cdnoticias.com\/index.php\/wp-json\/wp\/v2\/users\/96739694"}],"replies":[{"embeddable":true,"href":"https:\/\/cdnoticias.com\/index.php\/wp-json\/wp\/v2\/comments?post=141636"}],"version-history":[{"count":0,"href":"https:\/\/cdnoticias.com\/index.php\/wp-json\/wp\/v2\/posts\/141636\/revisions"}],"wp:featuredmedia":[{"embeddable":true,"href":"https:\/\/cdnoticias.com\/index.php\/wp-json\/wp\/v2\/media\/143608"}],"wp:attachment":[{"href":"https:\/\/cdnoticias.com\/index.php\/wp-json\/wp\/v2\/media?parent=141636"}],"wp:term":[{"taxonomy":"category","embeddable":true,"href":"https:\/\/cdnoticias.com\/index.php\/wp-json\/wp\/v2\/categories?post=141636"},{"taxonomy":"post_tag","embeddable":true,"href":"https:\/\/cdnoticias.com\/index.php\/wp-json\/wp\/v2\/tags?post=141636"}],"curies":[{"name":"wp","href":"https:\/\/api.w.org\/{rel}","templated":true}]}}