{"id":141629,"date":"2021-09-10T16:36:11","date_gmt":"2021-09-10T19:36:11","guid":{"rendered":"http:\/\/centraldeportes.com.ar\/?p=4665"},"modified":"2025-01-28T23:59:50","modified_gmt":"2025-01-29T02:59:50","slug":"tambucci-y-melian-dominaron-sus-series-en-rosario","status":"publish","type":"post","link":"https:\/\/cdnoticias.com\/index.php\/2021\/09\/10\/tambucci-y-melian-dominaron-sus-series-en-rosario\/","title":{"rendered":"Tambucci y Melian dominaron sus series en Rosario"},"content":{"rendered":"<p>Ambos olavarriense fueron protagonistas de sus series en la Clase 2 del Turismo Pista. Tambucci la gan\u00f3 en el final con una maniobra impecable, y Melian gan\u00f3 de punta a punta. En la Clase menor, Diego Valisi sali\u00f3 s\u00e9ptimo en la segunda serie. Este s\u00e1bado se corren las finales por las PASO.<\/p>\n<p><!--more--><\/p>\n<hr \/>\n<p>Fin de semana at\u00edpico para el Turismo Pista que est\u00e1 presente en el aut\u00f3dromo de Rosario para disputar la sexta fecha del calendario, con la presencia de tres olavarrienses que fueron protagonistas este viernes, con el desarrollo de las series.<\/p>\n<p>&nbsp;<\/p>\n<p>En la Clase 2, el poleman fue Luciano Gonz\u00e1lez, que gan\u00f3 la primera serie, seguido de Juli\u00e1n M\u00f3dica y Franco Fauret. Santiago Tambucci clasific\u00f3 segundo y Gabriel Melian tercero, por lo que partieron en las restantes series.<\/p>\n<p>&nbsp;<\/p>\n<p><img data-recalc-dims=\"1\" loading=\"lazy\" decoding=\"async\" class=\"aligncenter size-full wp-image-4668\" src=\"https:\/\/i0.wp.com\/centraldeportes.com.ar\/wp-content\/uploads\/2021\/09\/WhatsApp-Image-2021-09-10-at-4.19.17-PM.jpeg?resize=800%2C531\" alt=\"\" width=\"800\" height=\"531\" \/><\/p>\n<p>&nbsp;<\/p>\n<p>En la segunda serie Santiago Tambucci domin\u00f3 hasta la tercera vuelta, cuando fue superado por Alejo Cravero, pero el de Sierras Bayas no se conform\u00f3 y comenz\u00f3 a buscarlo por todos lados. Lleg\u00f3 la \u00faltima vuelta y Tambucci se la jug\u00f3 a todo o nada y con una maniobra extraordinaria pudo saltar a la punta a metros de la bandera a cuadros. De este modo, contin\u00faa firme en lo m\u00e1s alto del campeonato y este s\u00e1bado largar\u00e1 la final desde la primera fila, por haber conseguido el parcial m\u00e1s veloz.<\/p>\n<p>&nbsp;<\/p>\n<p>Gabriel Melian larg\u00f3 en la tercera serie, y desde el inici\u00f3 tom\u00f3 la punta de la carrera, pudo hacer una gran diferencia mostrando el potencial del VW Up, pero en la quinta vuelta apareci\u00f3 el auto de seguridad para interrumpir la acci\u00f3n. No hubo reanudaci\u00f3n y a marcha lenta el olavarriense vio la bandera a cuadros y se qued\u00f3 con la victoria en este parcial. Segundo fue Mariano Leston y tercero Fabio Grinovero.<\/p>\n<p>&nbsp;<\/p>\n<p><img data-recalc-dims=\"1\" loading=\"lazy\" decoding=\"async\" class=\"aligncenter size-full wp-image-4667\" src=\"https:\/\/i0.wp.com\/centraldeportes.com.ar\/wp-content\/uploads\/2021\/09\/WhatsApp-Image-2021-09-10-at-4.19.18-PM.jpeg?resize=800%2C531\" alt=\"\" width=\"800\" height=\"531\" \/><\/p>\n<p>&nbsp;<\/p>\n<p>En la Clase 1, Diego Valisi parti\u00f3 en el puesto 11, luego de clasificar en el trig\u00e9simo segundo lugar con el Fiat Uno. Pudo avanzar hasta el s\u00e9ptimo lugar, luego de luchar en una serie muy peleada. La victoria fue para Agust\u00edn Gajate, mientras que Lucas Huser y Santiago Leguizam\u00f3n ganaron los otros dos parciales.<\/p>\n<p>&nbsp;<\/p>\n<p>ste s\u00e1bado se corren las final, desde las 11.10 hs. comienza la clase menor con la presencia de Diego Valisi y desde las 12.10 la final de la Clase 2. Tambucci larga primero y Melian tercero. Desde las 13.10 se corre la final de la Clase mayor.<\/p>\n","protected":false},"excerpt":{"rendered":"<p>Ambos olavarriense fueron protagonistas de sus series en la Clase 2 del Turismo Pista. Tambucci la gan\u00f3 en el final<\/p>\n","protected":false},"author":96739694,"featured_media":143626,"comment_status":"closed","ping_status":"closed","sticky":false,"template":"","format":"standard","meta":{"_jetpack_memberships_contains_paid_content":false,"footnotes":""},"categories":[34,1,49],"tags":[],"class_list":["post-141629","post","type-post","status-publish","format-standard","has-post-thumbnail","hentry","category-automovilismo","category-portada","category-turismo-pista"],"jetpack_featured_media_url":"https:\/\/i0.wp.com\/cdnoticias.com\/wp-content\/uploads\/2021\/09\/WhatsApp-Image-2021-09-10-at-4.19.16-PM.jpeg?fit=1200%2C742&ssl=1","jetpack_sharing_enabled":true,"_links":{"self":[{"href":"https:\/\/cdnoticias.com\/index.php\/wp-json\/wp\/v2\/posts\/141629","targetHints":{"allow":["GET"]}}],"collection":[{"href":"https:\/\/cdnoticias.com\/index.php\/wp-json\/wp\/v2\/posts"}],"about":[{"href":"https:\/\/cdnoticias.com\/index.php\/wp-json\/wp\/v2\/types\/post"}],"author":[{"embeddable":true,"href":"https:\/\/cdnoticias.com\/index.php\/wp-json\/wp\/v2\/users\/96739694"}],"replies":[{"embeddable":true,"href":"https:\/\/cdnoticias.com\/index.php\/wp-json\/wp\/v2\/comments?post=141629"}],"version-history":[{"count":0,"href":"https:\/\/cdnoticias.com\/index.php\/wp-json\/wp\/v2\/posts\/141629\/revisions"}],"wp:featuredmedia":[{"embeddable":true,"href":"https:\/\/cdnoticias.com\/index.php\/wp-json\/wp\/v2\/media\/143626"}],"wp:attachment":[{"href":"https:\/\/cdnoticias.com\/index.php\/wp-json\/wp\/v2\/media?parent=141629"}],"wp:term":[{"taxonomy":"category","embeddable":true,"href":"https:\/\/cdnoticias.com\/index.php\/wp-json\/wp\/v2\/categories?post=141629"},{"taxonomy":"post_tag","embeddable":true,"href":"https:\/\/cdnoticias.com\/index.php\/wp-json\/wp\/v2\/tags?post=141629"}],"curies":[{"name":"wp","href":"https:\/\/api.w.org\/{rel}","templated":true}]}}