{"id":141628,"date":"2021-09-10T15:01:41","date_gmt":"2021-09-10T18:01:41","guid":{"rendered":"http:\/\/centraldeportes.com.ar\/?p=4663"},"modified":"2025-01-28T23:59:58","modified_gmt":"2025-01-29T02:59:58","slug":"la-lluvia-no-dejo-que-chingotto-y-tello-salgan-a-pista","status":"publish","type":"post","link":"https:\/\/cdnoticias.com\/index.php\/2021\/09\/10\/la-lluvia-no-dejo-que-chingotto-y-tello-salgan-a-pista\/","title":{"rendered":"La lluvia no dej\u00f3 que Chingotto y Tello salgan a pista"},"content":{"rendered":"<p>Luego de clasificar sin jugar a los Cuartos de Finales, Federico Chingotto y Juan Tello nuevamente no jugaron en el Sardegna Open.<!--more--><\/p>\n<hr \/>\n<p>La pareja del olavarriense y el cordob\u00e9s no se presentaron este viernes porque la lluvia impidi\u00f3 la continuaci\u00f3n de la jornada de Cuartos de Final y que continuar\u00e1n el pr\u00f3ximo s\u00e1bado desde las 10:00. Hasta el momento, s\u00f3lo se ha disputado uno, el que enfrentaba a las Martas ante Alejandra y Gemma, y han ganado las n\u00famero 1.<\/p>\n<p>&nbsp;<\/p>\n<p>En el Tennis Club Cagliari, Chingotto y Tello enfrentar\u00e1n a Jer\u00f3nimo Gonz\u00e1lez Luquez y Javier Rico Daso.<\/p>\n<p>&nbsp;<\/p>\n<p>Si las condiciones meteorol\u00f3gicas lo permiten, las eliminatorias de semifinales se disputar\u00e1n por la tarde.<\/p>\n","protected":false},"excerpt":{"rendered":"<p>Luego de clasificar sin jugar a los Cuartos de Finales, Federico Chingotto y Juan Tello nuevamente no jugaron en el<\/p>\n","protected":false},"author":96739694,"featured_media":0,"comment_status":"closed","ping_status":"closed","sticky":false,"template":"","format":"standard","meta":{"_jetpack_memberships_contains_paid_content":false,"footnotes":""},"categories":[30,1],"tags":[],"class_list":["post-141628","post","type-post","status-publish","format-standard","hentry","category-polideportivo","category-portada"],"jetpack_featured_media_url":"","jetpack_sharing_enabled":true,"_links":{"self":[{"href":"https:\/\/cdnoticias.com\/index.php\/wp-json\/wp\/v2\/posts\/141628","targetHints":{"allow":["GET"]}}],"collection":[{"href":"https:\/\/cdnoticias.com\/index.php\/wp-json\/wp\/v2\/posts"}],"about":[{"href":"https:\/\/cdnoticias.com\/index.php\/wp-json\/wp\/v2\/types\/post"}],"author":[{"embeddable":true,"href":"https:\/\/cdnoticias.com\/index.php\/wp-json\/wp\/v2\/users\/96739694"}],"replies":[{"embeddable":true,"href":"https:\/\/cdnoticias.com\/index.php\/wp-json\/wp\/v2\/comments?post=141628"}],"version-history":[{"count":0,"href":"https:\/\/cdnoticias.com\/index.php\/wp-json\/wp\/v2\/posts\/141628\/revisions"}],"wp:attachment":[{"href":"https:\/\/cdnoticias.com\/index.php\/wp-json\/wp\/v2\/media?parent=141628"}],"wp:term":[{"taxonomy":"category","embeddable":true,"href":"https:\/\/cdnoticias.com\/index.php\/wp-json\/wp\/v2\/categories?post=141628"},{"taxonomy":"post_tag","embeddable":true,"href":"https:\/\/cdnoticias.com\/index.php\/wp-json\/wp\/v2\/tags?post=141628"}],"curies":[{"name":"wp","href":"https:\/\/api.w.org\/{rel}","templated":true}]}}