{"id":141620,"date":"2021-09-08T21:05:02","date_gmt":"2021-09-09T00:05:02","guid":{"rendered":"http:\/\/centraldeportes.com.ar\/?p=4631"},"modified":"2025-01-29T00:00:45","modified_gmt":"2025-01-29T03:00:45","slug":"formemos-un-equipo-la-nueva-propuesta-de-racing","status":"publish","type":"post","link":"https:\/\/cdnoticias.com\/index.php\/2021\/09\/08\/formemos-un-equipo-la-nueva-propuesta-de-racing\/","title":{"rendered":"\u201cFormemos un equipo\u201d: la nueva propuesta de Racing"},"content":{"rendered":"<p>Racing Atletic Club lanz\u00f3 este mi\u00e9rcoles una nueva propuesta que dar\u00e1 comienzo en el pr\u00f3ximo mes de octubre y que est\u00e1 destinada a j\u00f3venes con discapacidad. Se llamar\u00e1 \u201cFormemos un equipo\u201d y el equipo de trabajo estar\u00e1 compuesto por diversos profesionales.<!--more--><\/p>\n<hr \/>\n<p>En b\u00fasqueda de un espacio donde los y las j\u00f3venes con discapacidad puedan desarrollar actividades deportivas y socializar, la Comisi\u00f3n Directiva \u201cChaira\u201d lanz\u00f3 la nueva propuesta que ser\u00e1 una Escuela de Iniciaci\u00f3n Deportiva donde aprender\u00e1n futbol, b\u00e1squet, v\u00f3ley, tenis, handball y otras actividades.<\/p>\n<p>&nbsp;<\/p>\n<p>El inicio est\u00e1 previsto para el 5 de octubre previa reuni\u00f3n inicial con los padres, tutores o acompa\u00f1antes y para ser parte deber\u00e1n completar una inscripci\u00f3n comunic\u00e1ndose con Jos\u00e9 Rold\u00e1n al 2284533416.<\/p>\n<p>&nbsp;<\/p>\n<p>El grupo de profesores con Agust\u00edn Gonz\u00e1les, Gabriel Sotto, Juan Boloqui, Felicitas Caba\u00f1as y Natalia Berecoechea como ayudante terap\u00e9utica m\u00e1s Roberto Tucker como coordinador\u00a0 del proyecto. Jos\u00e9 Roldan y Anal\u00eda Paez tambi\u00e9n ser\u00e1n integrantes del grupo de trabajo.<\/p>\n","protected":false},"excerpt":{"rendered":"<p>Racing Atletic Club lanz\u00f3 este mi\u00e9rcoles una nueva propuesta que dar\u00e1 comienzo en el pr\u00f3ximo mes de octubre y que<\/p>\n","protected":false},"author":96739694,"featured_media":0,"comment_status":"closed","ping_status":"closed","sticky":false,"template":"","format":"standard","meta":{"_jetpack_memberships_contains_paid_content":false,"footnotes":""},"categories":[30,1],"tags":[],"class_list":["post-141620","post","type-post","status-publish","format-standard","hentry","category-polideportivo","category-portada"],"jetpack_featured_media_url":"","jetpack_sharing_enabled":true,"_links":{"self":[{"href":"https:\/\/cdnoticias.com\/index.php\/wp-json\/wp\/v2\/posts\/141620","targetHints":{"allow":["GET"]}}],"collection":[{"href":"https:\/\/cdnoticias.com\/index.php\/wp-json\/wp\/v2\/posts"}],"about":[{"href":"https:\/\/cdnoticias.com\/index.php\/wp-json\/wp\/v2\/types\/post"}],"author":[{"embeddable":true,"href":"https:\/\/cdnoticias.com\/index.php\/wp-json\/wp\/v2\/users\/96739694"}],"replies":[{"embeddable":true,"href":"https:\/\/cdnoticias.com\/index.php\/wp-json\/wp\/v2\/comments?post=141620"}],"version-history":[{"count":0,"href":"https:\/\/cdnoticias.com\/index.php\/wp-json\/wp\/v2\/posts\/141620\/revisions"}],"wp:attachment":[{"href":"https:\/\/cdnoticias.com\/index.php\/wp-json\/wp\/v2\/media?parent=141620"}],"wp:term":[{"taxonomy":"category","embeddable":true,"href":"https:\/\/cdnoticias.com\/index.php\/wp-json\/wp\/v2\/categories?post=141620"},{"taxonomy":"post_tag","embeddable":true,"href":"https:\/\/cdnoticias.com\/index.php\/wp-json\/wp\/v2\/tags?post=141620"}],"curies":[{"name":"wp","href":"https:\/\/api.w.org\/{rel}","templated":true}]}}