{"id":141619,"date":"2021-09-08T18:21:17","date_gmt":"2021-09-08T21:21:17","guid":{"rendered":"http:\/\/centraldeportes.com.ar\/?p=4620"},"modified":"2025-01-28T23:48:12","modified_gmt":"2025-01-29T02:48:12","slug":"olavarriense-en-la-maxima-cita-nacional-del-tenis-de-mesa","status":"publish","type":"post","link":"https:\/\/cdnoticias.com\/index.php\/2021\/09\/08\/olavarriense-en-la-maxima-cita-nacional-del-tenis-de-mesa\/","title":{"rendered":"Olavarriense en la m\u00e1xima cita nacional del tenis de mesa"},"content":{"rendered":"<p>La pasada semana hubo actividad para el tenis de mesa argentino y en el Campeonato Nacional hubo participaci\u00f3n olavarriense con la presencia de Francisco Crimaldi.<!--more--><\/p>\n<hr \/>\n<p>El representante de la Asociaci\u00f3n de Tenis de Mesa de Olavarr\u00eda compiti\u00f3 en un importante certamen nacional que consagr\u00f3 a Horacio Cifuentes y Ana Codina en la categor\u00eda principal.<\/p>\n<p>&nbsp;<\/p>\n<p>Crimaldi dijo presente en Sub13 donde accedi\u00f3 a los 32avos de Final donde fue derrotado y en Sub15, avanz\u00f3 como el mejor de la Zona y se despidi\u00f3 en 16avos.<\/p>\n","protected":false},"excerpt":{"rendered":"<p>La pasada semana hubo actividad para el tenis de mesa argentino y en el Campeonato Nacional hubo participaci\u00f3n olavarriense con<\/p>\n","protected":false},"author":96739694,"featured_media":143547,"comment_status":"closed","ping_status":"closed","sticky":false,"template":"","format":"standard","meta":{"_jetpack_memberships_contains_paid_content":false,"footnotes":""},"categories":[30,1],"tags":[],"class_list":["post-141619","post","type-post","status-publish","format-standard","has-post-thumbnail","hentry","category-polideportivo","category-portada"],"jetpack_featured_media_url":"https:\/\/i0.wp.com\/cdnoticias.com\/wp-content\/uploads\/2021\/09\/tenis-de-mesa-portada.png?fit=800%2C445&ssl=1","jetpack_sharing_enabled":true,"_links":{"self":[{"href":"https:\/\/cdnoticias.com\/index.php\/wp-json\/wp\/v2\/posts\/141619","targetHints":{"allow":["GET"]}}],"collection":[{"href":"https:\/\/cdnoticias.com\/index.php\/wp-json\/wp\/v2\/posts"}],"about":[{"href":"https:\/\/cdnoticias.com\/index.php\/wp-json\/wp\/v2\/types\/post"}],"author":[{"embeddable":true,"href":"https:\/\/cdnoticias.com\/index.php\/wp-json\/wp\/v2\/users\/96739694"}],"replies":[{"embeddable":true,"href":"https:\/\/cdnoticias.com\/index.php\/wp-json\/wp\/v2\/comments?post=141619"}],"version-history":[{"count":0,"href":"https:\/\/cdnoticias.com\/index.php\/wp-json\/wp\/v2\/posts\/141619\/revisions"}],"wp:featuredmedia":[{"embeddable":true,"href":"https:\/\/cdnoticias.com\/index.php\/wp-json\/wp\/v2\/media\/143547"}],"wp:attachment":[{"href":"https:\/\/cdnoticias.com\/index.php\/wp-json\/wp\/v2\/media?parent=141619"}],"wp:term":[{"taxonomy":"category","embeddable":true,"href":"https:\/\/cdnoticias.com\/index.php\/wp-json\/wp\/v2\/categories?post=141619"},{"taxonomy":"post_tag","embeddable":true,"href":"https:\/\/cdnoticias.com\/index.php\/wp-json\/wp\/v2\/tags?post=141619"}],"curies":[{"name":"wp","href":"https:\/\/api.w.org\/{rel}","templated":true}]}}