{"id":141617,"date":"2021-09-08T15:56:27","date_gmt":"2021-09-08T18:56:27","guid":{"rendered":"http:\/\/centraldeportes.com.ar\/?p=4616"},"modified":"2025-01-28T23:48:14","modified_gmt":"2025-01-29T02:48:14","slug":"actividad-para-las-inferiores-de-la-abo","status":"publish","type":"post","link":"https:\/\/cdnoticias.com\/index.php\/2021\/09\/08\/actividad-para-las-inferiores-de-la-abo\/","title":{"rendered":"Actividad para las Inferiores de la ABO"},"content":{"rendered":"<p>Se complet\u00f3 una nueva fecha, la 4\u00b0, del Torneo Oficial para las categor\u00edas formativas de la Asociaci\u00f3n de B\u00e1squet de Olavarr\u00eda.<!--more--><\/p>\n<hr \/>\n<p>Las categor\u00edas formativas del b\u00e1squet local jugaron gran cantidad de partidos en diferentes gimnasios de la zona y en otras localidades para seguir adelante con el Torneo Oficial para las categor\u00edas formativas.<\/p>\n<p>&nbsp;<\/p>\n<p><img data-recalc-dims=\"1\" loading=\"lazy\" decoding=\"async\" class=\"aligncenter size-full wp-image-4628\" src=\"https:\/\/i0.wp.com\/centraldeportes.com.ar\/wp-content\/uploads\/2021\/09\/inferiores-2.png?resize=800%2C533\" alt=\"\" width=\"800\" height=\"533\" \/><\/p>\n<p>&nbsp;<\/p>\n<p>Los resultados fueron:<\/p>\n<p>Chacarita \u2013 Racing Azul:<br \/>\nU13: 81 \u2013 41<br \/>\nU15: 48 \u2013 59<br \/>\nU17: 62 \u2013 68<\/p>\n<p>Las Flores Basket \u2013 El Fort\u00edn:<br \/>\nMini: 23 \u2013 44<br \/>\nU13: 40 \u2013 67<br \/>\nU15: 90 \u2013 26<br \/>\nU17: 74 \u2013 75<\/p>\n<p>Racing de La Madrid \u2013 Pueblo Nuevo:<br \/>\nMini: 93 \u2013 06<br \/>\nU15: 79 \u2013 49<br \/>\nU17: 56 \u2013 29<\/p>\n<p>Ferro (Masculino) \u2013 Ferro (Femenino):<br \/>\nMini: 27 \u2013 34<br \/>\nU13: 77 \u2013 23<\/p>\n<p>San Mart\u00edn \u2013 Loma Negra:<br \/>\nU13: 100 \u2013 20<br \/>\nU15: 65 \u2013 23<\/p>\n<p>San Mart\u00edn \u2013 Racing Blanco:<br \/>\nU17: 59 \u2013 57<\/p>\n","protected":false},"excerpt":{"rendered":"<p>Se complet\u00f3 una nueva fecha, la 4\u00b0, del Torneo Oficial para las categor\u00edas formativas de la Asociaci\u00f3n de B\u00e1squet de<\/p>\n","protected":false},"author":96739694,"featured_media":0,"comment_status":"closed","ping_status":"closed","sticky":false,"template":"","format":"standard","meta":{"_jetpack_memberships_contains_paid_content":false,"footnotes":""},"categories":[31,44,1],"tags":[],"class_list":["post-141617","post","type-post","status-publish","format-standard","hentry","category-basquet","category-inferiores-basquet","category-portada"],"jetpack_featured_media_url":"","jetpack_sharing_enabled":true,"_links":{"self":[{"href":"https:\/\/cdnoticias.com\/index.php\/wp-json\/wp\/v2\/posts\/141617","targetHints":{"allow":["GET"]}}],"collection":[{"href":"https:\/\/cdnoticias.com\/index.php\/wp-json\/wp\/v2\/posts"}],"about":[{"href":"https:\/\/cdnoticias.com\/index.php\/wp-json\/wp\/v2\/types\/post"}],"author":[{"embeddable":true,"href":"https:\/\/cdnoticias.com\/index.php\/wp-json\/wp\/v2\/users\/96739694"}],"replies":[{"embeddable":true,"href":"https:\/\/cdnoticias.com\/index.php\/wp-json\/wp\/v2\/comments?post=141617"}],"version-history":[{"count":0,"href":"https:\/\/cdnoticias.com\/index.php\/wp-json\/wp\/v2\/posts\/141617\/revisions"}],"wp:attachment":[{"href":"https:\/\/cdnoticias.com\/index.php\/wp-json\/wp\/v2\/media?parent=141617"}],"wp:term":[{"taxonomy":"category","embeddable":true,"href":"https:\/\/cdnoticias.com\/index.php\/wp-json\/wp\/v2\/categories?post=141617"},{"taxonomy":"post_tag","embeddable":true,"href":"https:\/\/cdnoticias.com\/index.php\/wp-json\/wp\/v2\/tags?post=141617"}],"curies":[{"name":"wp","href":"https:\/\/api.w.org\/{rel}","templated":true}]}}