{"id":141616,"date":"2021-09-08T12:01:35","date_gmt":"2021-09-08T15:01:35","guid":{"rendered":"http:\/\/centraldeportes.com.ar\/?p=4613"},"modified":"2025-01-28T23:48:16","modified_gmt":"2025-01-29T02:48:16","slug":"un-ex-chaira-sera-ficha-juvenil-en-quilmes","status":"publish","type":"post","link":"https:\/\/cdnoticias.com\/index.php\/2021\/09\/08\/un-ex-chaira-sera-ficha-juvenil-en-quilmes\/","title":{"rendered":"Un ex \u201cChaira\u201d ser\u00e1 ficha juvenil en Quilmes"},"content":{"rendered":"<p>Luego de su destacado paso por el Torneo Federal, donde fue el goleador, Alex Negrete se transform\u00f3 en jugador de Quilmes para la venidera edici\u00f3n de La Liga Argentina.<!--more--><\/p>\n<hr \/>\n<p>Alex Negrete, alero de 1,93 metros y 20 a\u00f1os, se suma a Quilmes por dos temporadas y llega tras ser el goleador del Torneo Federal con 27 puntos de promedio en Juventud Unida de Alpachiri.<\/p>\n<p>&nbsp;<\/p>\n<p>Nacido en General Alvear el 2\/8\/2001, Negrete realiz\u00f3 divisiones formativas entre Uni\u00f3n Empleados de Comercio de su ciudad y Racing de Olavarr\u00eda, donde tuvo grandes actuaciones en la Liga Junior.<\/p>\n<p>&nbsp;<\/p>\n<p>Tras ello, decidi\u00f3 probar suerte en el Torneo Federal en el j\u00f3ven equipo de CAJU de Alpachiri y no defraud\u00f3. Promedi\u00f3 27 puntos, 5 rebotes, 1 asistencia, 1 recupero y 1 tapa para 27 valoraci\u00f3n en 30 minutos para ser el l\u00edder anotador del cert\u00e1men. Ahora sube de categor\u00eda para continuar su desarrollo en el Tricolor.<\/p>\n","protected":false},"excerpt":{"rendered":"<p>Luego de su destacado paso por el Torneo Federal, donde fue el goleador, Alex Negrete se transform\u00f3 en jugador de<\/p>\n","protected":false},"author":96739694,"featured_media":143551,"comment_status":"closed","ping_status":"closed","sticky":false,"template":"","format":"standard","meta":{"_jetpack_memberships_contains_paid_content":false,"footnotes":""},"categories":[31,32,1],"tags":[],"class_list":["post-141616","post","type-post","status-publish","format-standard","has-post-thumbnail","hentry","category-basquet","category-liga-argentina","category-portada"],"jetpack_featured_media_url":"https:\/\/i0.wp.com\/cdnoticias.com\/wp-content\/uploads\/2021\/09\/E-t8FfAWEAEI0rw-e1631113288523.jpg?fit=1152%2C819&ssl=1","jetpack_sharing_enabled":true,"_links":{"self":[{"href":"https:\/\/cdnoticias.com\/index.php\/wp-json\/wp\/v2\/posts\/141616","targetHints":{"allow":["GET"]}}],"collection":[{"href":"https:\/\/cdnoticias.com\/index.php\/wp-json\/wp\/v2\/posts"}],"about":[{"href":"https:\/\/cdnoticias.com\/index.php\/wp-json\/wp\/v2\/types\/post"}],"author":[{"embeddable":true,"href":"https:\/\/cdnoticias.com\/index.php\/wp-json\/wp\/v2\/users\/96739694"}],"replies":[{"embeddable":true,"href":"https:\/\/cdnoticias.com\/index.php\/wp-json\/wp\/v2\/comments?post=141616"}],"version-history":[{"count":0,"href":"https:\/\/cdnoticias.com\/index.php\/wp-json\/wp\/v2\/posts\/141616\/revisions"}],"wp:featuredmedia":[{"embeddable":true,"href":"https:\/\/cdnoticias.com\/index.php\/wp-json\/wp\/v2\/media\/143551"}],"wp:attachment":[{"href":"https:\/\/cdnoticias.com\/index.php\/wp-json\/wp\/v2\/media?parent=141616"}],"wp:term":[{"taxonomy":"category","embeddable":true,"href":"https:\/\/cdnoticias.com\/index.php\/wp-json\/wp\/v2\/categories?post=141616"},{"taxonomy":"post_tag","embeddable":true,"href":"https:\/\/cdnoticias.com\/index.php\/wp-json\/wp\/v2\/tags?post=141616"}],"curies":[{"name":"wp","href":"https:\/\/api.w.org\/{rel}","templated":true}]}}