{"id":141597,"date":"2021-09-05T12:29:38","date_gmt":"2021-09-05T15:29:38","guid":{"rendered":"http:\/\/centraldeportes.com.ar\/?p=4506"},"modified":"2025-01-28T23:49:30","modified_gmt":"2025-01-29T02:49:30","slug":"el-torneo-apertura-no-arranca","status":"publish","type":"post","link":"https:\/\/cdnoticias.com\/index.php\/2021\/09\/05\/el-torneo-apertura-no-arranca\/","title":{"rendered":"El Torneo Apertura no arranca"},"content":{"rendered":"<p>A ra\u00edz del agua ca\u00edda durante la jornada de este s\u00e1bado se resolvi\u00f3 suspender \u00edntegramente la primera fecha del torneo &#8220;Norberto Desanzo&#8221;.<\/p>\n<p><!--more--><\/p>\n<hr \/>\n<p>La suspensi\u00f3n se suma a la del pasado s\u00e1bado donde deb\u00edan enfrentarse El Fort\u00edn y Ferro, pero al no jugarse ning\u00fan partido, la Comisi\u00f3n Directiva decidi\u00f3 que la actividad comience luego de las elecciones Primarias, Abiertas, Simult\u00e1neas y Obligatorias.<\/p>\n<p>&nbsp;<\/p>\n<p>Con la intenci\u00f3n de preservar la integridad f\u00edsica de los jugadores y los campos de juego, las autoridades liguistas decidieron suspender la fecha a pesar de la soleada tarde del domingo.<\/p>\n","protected":false},"excerpt":{"rendered":"<p>A ra\u00edz del agua ca\u00edda durante la jornada de este s\u00e1bado se resolvi\u00f3 suspender \u00edntegramente la primera fecha del torneo<\/p>\n","protected":false},"author":96739694,"featured_media":143587,"comment_status":"closed","ping_status":"closed","sticky":false,"template":"","format":"standard","meta":{"_jetpack_memberships_contains_paid_content":false,"footnotes":""},"categories":[35,1,41],"tags":[],"class_list":["post-141597","post","type-post","status-publish","format-standard","has-post-thumbnail","hentry","category-futbol","category-portada","category-primera-y-reserva"],"jetpack_featured_media_url":"https:\/\/i0.wp.com\/cdnoticias.com\/wp-content\/uploads\/2021\/09\/cancha-agua.png?fit=800%2C445&ssl=1","jetpack_sharing_enabled":true,"_links":{"self":[{"href":"https:\/\/cdnoticias.com\/index.php\/wp-json\/wp\/v2\/posts\/141597","targetHints":{"allow":["GET"]}}],"collection":[{"href":"https:\/\/cdnoticias.com\/index.php\/wp-json\/wp\/v2\/posts"}],"about":[{"href":"https:\/\/cdnoticias.com\/index.php\/wp-json\/wp\/v2\/types\/post"}],"author":[{"embeddable":true,"href":"https:\/\/cdnoticias.com\/index.php\/wp-json\/wp\/v2\/users\/96739694"}],"replies":[{"embeddable":true,"href":"https:\/\/cdnoticias.com\/index.php\/wp-json\/wp\/v2\/comments?post=141597"}],"version-history":[{"count":0,"href":"https:\/\/cdnoticias.com\/index.php\/wp-json\/wp\/v2\/posts\/141597\/revisions"}],"wp:featuredmedia":[{"embeddable":true,"href":"https:\/\/cdnoticias.com\/index.php\/wp-json\/wp\/v2\/media\/143587"}],"wp:attachment":[{"href":"https:\/\/cdnoticias.com\/index.php\/wp-json\/wp\/v2\/media?parent=141597"}],"wp:term":[{"taxonomy":"category","embeddable":true,"href":"https:\/\/cdnoticias.com\/index.php\/wp-json\/wp\/v2\/categories?post=141597"},{"taxonomy":"post_tag","embeddable":true,"href":"https:\/\/cdnoticias.com\/index.php\/wp-json\/wp\/v2\/tags?post=141597"}],"curies":[{"name":"wp","href":"https:\/\/api.w.org\/{rel}","templated":true}]}}