{"id":141584,"date":"2021-09-03T17:36:17","date_gmt":"2021-09-03T20:36:17","guid":{"rendered":"http:\/\/centraldeportes.com.ar\/?p=4459"},"modified":"2025-01-28T23:45:10","modified_gmt":"2025-01-29T02:45:10","slug":"patinadoras-de-boca-en-un-nacional-en-san-juan","status":"publish","type":"post","link":"https:\/\/cdnoticias.com\/index.php\/2021\/09\/03\/patinadoras-de-boca-en-un-nacional-en-san-juan\/","title":{"rendered":"Patinadoras de Boca en un Nacional en San Juan"},"content":{"rendered":"<p>Ingrid Gottfrit y Luz Kremer participar\u00e1n en el torneo de pat\u00edn art\u00edstico que se desarrollar\u00e1 en San Juan.<!--more--><\/p>\n<hr \/>\n<p>Desde el pr\u00f3ximo s\u00e1bado, dos patinadoras de Boca se presentar\u00e1n en el Campeonato Nacional que se extender\u00e1 hasta el domingo 10 de septiembre.<\/p>\n<p>&nbsp;<\/p>\n<p>Ingrid Gottfrit competir\u00e1 en figuras obligatorias categor\u00eda Junior \u00c9lite y el mi\u00e9rcoles estar\u00e1 presente en la competencia de figuras obligatorias en categor\u00eda Junior Internacional; mientras que Luz Kremer competir\u00e1 en figuras obligatorias en S\u00e9nior Internacional.<\/p>\n<p>&nbsp;<\/p>\n<p>Ambas deportistas que representan a la \u00a0Federaci\u00f3n de Provincia de Buenos Aires, ser\u00e1n acompa\u00f1adas por la t\u00e9cnica Marcela Romera.<\/p>\n","protected":false},"excerpt":{"rendered":"<p>Ingrid Gottfrit y Luz Kremer participar\u00e1n en el torneo de pat\u00edn art\u00edstico que se desarrollar\u00e1 en San Juan.<\/p>\n","protected":false},"author":96739694,"featured_media":143519,"comment_status":"closed","ping_status":"closed","sticky":false,"template":"","format":"standard","meta":{"_jetpack_memberships_contains_paid_content":false,"footnotes":""},"categories":[30,1],"tags":[],"class_list":["post-141584","post","type-post","status-publish","format-standard","has-post-thumbnail","hentry","category-polideportivo","category-portada"],"jetpack_featured_media_url":"https:\/\/i0.wp.com\/cdnoticias.com\/wp-content\/uploads\/2021\/09\/pat%C3%ADn-artisitico-e1630701364976.jpg?fit=794%2C486&ssl=1","jetpack_sharing_enabled":true,"_links":{"self":[{"href":"https:\/\/cdnoticias.com\/index.php\/wp-json\/wp\/v2\/posts\/141584","targetHints":{"allow":["GET"]}}],"collection":[{"href":"https:\/\/cdnoticias.com\/index.php\/wp-json\/wp\/v2\/posts"}],"about":[{"href":"https:\/\/cdnoticias.com\/index.php\/wp-json\/wp\/v2\/types\/post"}],"author":[{"embeddable":true,"href":"https:\/\/cdnoticias.com\/index.php\/wp-json\/wp\/v2\/users\/96739694"}],"replies":[{"embeddable":true,"href":"https:\/\/cdnoticias.com\/index.php\/wp-json\/wp\/v2\/comments?post=141584"}],"version-history":[{"count":0,"href":"https:\/\/cdnoticias.com\/index.php\/wp-json\/wp\/v2\/posts\/141584\/revisions"}],"wp:featuredmedia":[{"embeddable":true,"href":"https:\/\/cdnoticias.com\/index.php\/wp-json\/wp\/v2\/media\/143519"}],"wp:attachment":[{"href":"https:\/\/cdnoticias.com\/index.php\/wp-json\/wp\/v2\/media?parent=141584"}],"wp:term":[{"taxonomy":"category","embeddable":true,"href":"https:\/\/cdnoticias.com\/index.php\/wp-json\/wp\/v2\/categories?post=141584"},{"taxonomy":"post_tag","embeddable":true,"href":"https:\/\/cdnoticias.com\/index.php\/wp-json\/wp\/v2\/tags?post=141584"}],"curies":[{"name":"wp","href":"https:\/\/api.w.org\/{rel}","templated":true}]}}