{"id":141581,"date":"2021-09-02T20:26:40","date_gmt":"2021-09-02T23:26:40","guid":{"rendered":"http:\/\/centraldeportes.com.ar\/?p=4446"},"modified":"2025-01-28T23:45:25","modified_gmt":"2025-01-29T02:45:25","slug":"cristian-colli-cuando-escuche-el-nombre-del-club-me-atrajo-la-propuesta","status":"publish","type":"post","link":"https:\/\/cdnoticias.com\/index.php\/2021\/09\/02\/cristian-colli-cuando-escuche-el-nombre-del-club-me-atrajo-la-propuesta\/","title":{"rendered":"Cristian Colli: \u201cCuando escuch\u00e9 el nombre del club, me atrajo la propuesta\u201d"},"content":{"rendered":"<p>Cristian Colli, el nuevo t\u00e9cnico de Estudiantes de cara a la temporada de la Liga Argentina 2021\/2022, brind\u00f3 detalles de lo que espera para este nuevo desaf\u00edo en su carrera tras su paso por Atenas de C\u00f3rdoba.<\/p>\n<p><!--more--><\/p>\n<hr \/>\n<p>Cuando la dirigencia se comunic\u00f3 con \u00e9l para ofrecerle el puesto, no dud\u00f3. Nuevos caminos comienzan en su carrera como t\u00e9cnico y tambi\u00e9n en su vida personal <strong>\u201capenas escuch\u00e9 la propuesta no dud\u00e9 ni un segundo, sent\u00ed que era el momento de salir de mi zona de confort\u201d<\/strong>, aclar\u00f3.<\/p>\n<p>&nbsp;<\/p>\n<p>Si bien Estudiantes de Olavarr\u00eda fue rival en aquella recordada final ante Atenas de C\u00f3rdoba, el club donde creci\u00f3 y se form\u00f3, Colli destac\u00f3 el gran historial de Estudiantes dentro de la Liga Nacional y se sorprendi\u00f3 de la gran infraestructura que tiene la entidad bataraz en relaci\u00f3n con otros clubes de ciudades del interior.<\/p>\n<p>&nbsp;<\/p>\n<blockquote><p>\u201cCrec\u00ed con Estudiantes como un equipo grande del b\u00e1squet\u201d, remarc\u00f3.<\/p><\/blockquote>\n<p>&nbsp;<\/p>\n<p>Dentro de su historial como entrenador y amante del b\u00e1squetbol, Colli cont\u00f3 que siempre estuvo vinculado al b\u00e1squet en Atenas y que pudo dirigir todas las categor\u00edas de las divisiones formativas hasta ser el t\u00e9cnico cabeza de La Liga, adem\u00e1s en el medio hizo una carrera universitaria.<\/p>\n<p>&nbsp;<\/p>\n<p>Con respecto a su juego de preferencia dentro del parquet, destac\u00f3 que le gusta el juego din\u00e1mico <strong>\u201cque se pueda correr, anotar r\u00e1pido, as\u00ed es el b\u00e1squet moderno que se est\u00e1 jugando, que adem\u00e1s te permite incorporar jugadores j\u00f3venes y esperemos poder hacerlo as\u00ed\u201d<\/strong>, recalc\u00f3. Tambi\u00e9n le gustar\u00eda contar en el equipo con alg\u00fan jugador experimentado en la categor\u00eda que pueda aportar ese complemento con los m\u00e1s j\u00f3venes.<\/p>\n<p>&nbsp;<\/p>\n<p>Cristian Colli cuenta ya en el plantel con Juli\u00e1n Ruiz, Ignacio Aman y Johu Castillo. Ahora tendr\u00e1, junto a la Comisi\u00f3n Directiva unos d\u00edas de incansable trabajo para terminar de cerrar las fichas del equipo. Dada su reciente incorporaci\u00f3n, s\u00f3lo logr\u00f3 presentarse y ponerse a disposici\u00f3n con los asistentes t\u00e9cnicos, que ser\u00e1n los mismos de la temporada anterior. <strong>\u201cSi haya un cuerpo t\u00e9cnico que ven\u00eda trabajando bien, quiero interiorizarme en c\u00f3mo lo hac\u00edan para lograr el complemento de las dos partes\u201d<\/strong>, exclam\u00f3.<\/p>\n<p>&nbsp;<\/p>\n<p><strong>\u201cLo primero que busco en un grupo de trabajo es que todos podamos estar c\u00f3modos, tanto a la hora de expresarnos como de opinar, sugerir, aportar y que cada uno pueda desarrollar su potencial\u201d<\/strong>, principalmente busca esto ya que los equipos en plena temporada pasan mucho tiempo juntos y lo primordial es que haya una buena din\u00e1mica.<\/p>\n<p>&nbsp;<\/p>\n<p>Al comenzar en octubre la competencia, los d\u00edas est\u00e1n contados y urge cerrar las incorporaciones. Colli se mostr\u00f3 optimista y tiene en claro el objetivo principal que es ser competitivos durante toda la temporada, por eso espera llegar a Olavarr\u00eda lo m\u00e1s pronto posible.<\/p>\n<p>&nbsp;<\/p>\n<p>Para cerrar, record\u00f3 a Osvaldo Arduh, quien falleci\u00f3 por Covid-19 el pasado 2 de noviembre. Arduh era el t\u00e9cnico cabeza de Atenas en la temporada que se estaba jugando y Cristian Colli su asistente t\u00e9cnico. <strong>\u201cMe dej\u00f3 todas las ense\u00f1anzas posibles, recuerdo muchas charlas y muchos viajes que compartimos y que hoy valoro m\u00e1s que nunca, adem\u00e1s me hice amigo de Nicol\u00e1s, su hijo con quien trabajamos juntos el a\u00f1o pasado en Atenas\u201d<\/strong>, concluy\u00f3.<\/p>\n<p>&nbsp;<\/p>\n<p>De esta manera, Cristian Colli, el joven entrenador cordob\u00e9s tiene en claro sus objetivos y tendr\u00e1 muchos desaf\u00edos por delante de cara a la venidera temporada de la Liga Argentina al mando del plantel del Club Atl\u00e9tico Estudiantes de Olavarr\u00eda, que, por octava vez consecutiva, ser\u00e1 parte de la segunda categor\u00eda del b\u00e1squetbol argentino.<\/p>\n","protected":false},"excerpt":{"rendered":"<p>Cristian Colli, el nuevo t\u00e9cnico de Estudiantes de cara a la temporada de la Liga Argentina 2021\/2022, brind\u00f3 detalles de<\/p>\n","protected":false},"author":96739694,"featured_media":143526,"comment_status":"closed","ping_status":"closed","sticky":false,"template":"","format":"standard","meta":{"_jetpack_memberships_contains_paid_content":false,"footnotes":""},"categories":[31,32],"tags":[],"class_list":["post-141581","post","type-post","status-publish","format-standard","has-post-thumbnail","hentry","category-basquet","category-liga-argentina"],"jetpack_featured_media_url":"https:\/\/i0.wp.com\/cdnoticias.com\/wp-content\/uploads\/2021\/09\/colli.png?fit=1280%2C853&ssl=1","jetpack_sharing_enabled":true,"_links":{"self":[{"href":"https:\/\/cdnoticias.com\/index.php\/wp-json\/wp\/v2\/posts\/141581","targetHints":{"allow":["GET"]}}],"collection":[{"href":"https:\/\/cdnoticias.com\/index.php\/wp-json\/wp\/v2\/posts"}],"about":[{"href":"https:\/\/cdnoticias.com\/index.php\/wp-json\/wp\/v2\/types\/post"}],"author":[{"embeddable":true,"href":"https:\/\/cdnoticias.com\/index.php\/wp-json\/wp\/v2\/users\/96739694"}],"replies":[{"embeddable":true,"href":"https:\/\/cdnoticias.com\/index.php\/wp-json\/wp\/v2\/comments?post=141581"}],"version-history":[{"count":0,"href":"https:\/\/cdnoticias.com\/index.php\/wp-json\/wp\/v2\/posts\/141581\/revisions"}],"wp:featuredmedia":[{"embeddable":true,"href":"https:\/\/cdnoticias.com\/index.php\/wp-json\/wp\/v2\/media\/143526"}],"wp:attachment":[{"href":"https:\/\/cdnoticias.com\/index.php\/wp-json\/wp\/v2\/media?parent=141581"}],"wp:term":[{"taxonomy":"category","embeddable":true,"href":"https:\/\/cdnoticias.com\/index.php\/wp-json\/wp\/v2\/categories?post=141581"},{"taxonomy":"post_tag","embeddable":true,"href":"https:\/\/cdnoticias.com\/index.php\/wp-json\/wp\/v2\/tags?post=141581"}],"curies":[{"name":"wp","href":"https:\/\/api.w.org\/{rel}","templated":true}]}}