{"id":141575,"date":"2021-09-01T21:13:34","date_gmt":"2021-09-02T00:13:34","guid":{"rendered":"http:\/\/centraldeportes.com.ar\/?p=4399"},"modified":"2025-01-28T23:45:50","modified_gmt":"2025-01-29T02:45:50","slug":"boca-reconocio-a-agustin-vernice","status":"publish","type":"post","link":"https:\/\/cdnoticias.com\/index.php\/2021\/09\/01\/boca-reconocio-a-agustin-vernice\/","title":{"rendered":"Boca reconoci\u00f3 a Agust\u00edn Vernice"},"content":{"rendered":"<p>El octavo mejor palista del mundo fue reconocido este mi\u00e9rcoles en el predio de Boca.<\/p>\n<p><!--more--><\/p>\n<hr \/>\n<p>Agust\u00edn Vernice, confes\u00f3 hincha de Boca, fue reconocido por la entidad &#8220;Xeneize&#8221; luego de su destacada actuaci\u00f3n en los Juegos Ol\u00edmpicos de Tokio.<\/p>\n<p><img data-recalc-dims=\"1\" loading=\"lazy\" decoding=\"async\" class=\"aligncenter size-full wp-image-4401\" src=\"https:\/\/i0.wp.com\/centraldeportes.com.ar\/wp-content\/uploads\/2021\/09\/WhatsApp-Image-2021-09-01-at-21.09.33-1.jpeg?resize=800%2C533\" alt=\"\" width=\"800\" height=\"533\" \/><\/p>\n<p>Ricardo Rosica, Secretario General de la entidad, Carlos Colombo, Presidente del Departamento de Interior y Exterior y el olavarriense Miguel Rippol, Secretario del Departamento de Interior y Exterior hicieron entrega de una camiseta personalizada al palista que finaliz\u00f3 en la octava colocaci\u00f3n en la pasada edici\u00f3n de los Juegos Ol\u00edmpicos.<\/p>\n<p>Luego de la entrega de la camiseta con el &#8220;10&#8221; y el apellido, Vernice pos\u00f3 en la emblem\u00e1tica Bombonera.<\/p>\n<p><img data-recalc-dims=\"1\" loading=\"lazy\" decoding=\"async\" class=\"aligncenter size-full wp-image-4402\" src=\"https:\/\/i0.wp.com\/centraldeportes.com.ar\/wp-content\/uploads\/2021\/09\/WhatsApp-Image-2021-09-01-at-21.09.33.jpeg?resize=800%2C533\" alt=\"\" width=\"800\" height=\"533\" \/><\/p>\n","protected":false},"excerpt":{"rendered":"<p>El octavo mejor palista del mundo fue reconocido este mi\u00e9rcoles en el predio de Boca.<\/p>\n","protected":false},"author":96739694,"featured_media":143541,"comment_status":"closed","ping_status":"closed","sticky":false,"template":"","format":"standard","meta":{"_jetpack_memberships_contains_paid_content":false,"footnotes":""},"categories":[42,30,1],"tags":[],"class_list":["post-141575","post","type-post","status-publish","format-standard","has-post-thumbnail","hentry","category-olavarrienses-en-lugares","category-polideportivo","category-portada"],"jetpack_featured_media_url":"https:\/\/i0.wp.com\/cdnoticias.com\/wp-content\/uploads\/2021\/09\/WhatsApp-Image-2021-09-01-at-21.09.33-2.jpeg?fit=1280%2C879&ssl=1","jetpack_sharing_enabled":true,"_links":{"self":[{"href":"https:\/\/cdnoticias.com\/index.php\/wp-json\/wp\/v2\/posts\/141575","targetHints":{"allow":["GET"]}}],"collection":[{"href":"https:\/\/cdnoticias.com\/index.php\/wp-json\/wp\/v2\/posts"}],"about":[{"href":"https:\/\/cdnoticias.com\/index.php\/wp-json\/wp\/v2\/types\/post"}],"author":[{"embeddable":true,"href":"https:\/\/cdnoticias.com\/index.php\/wp-json\/wp\/v2\/users\/96739694"}],"replies":[{"embeddable":true,"href":"https:\/\/cdnoticias.com\/index.php\/wp-json\/wp\/v2\/comments?post=141575"}],"version-history":[{"count":0,"href":"https:\/\/cdnoticias.com\/index.php\/wp-json\/wp\/v2\/posts\/141575\/revisions"}],"wp:featuredmedia":[{"embeddable":true,"href":"https:\/\/cdnoticias.com\/index.php\/wp-json\/wp\/v2\/media\/143541"}],"wp:attachment":[{"href":"https:\/\/cdnoticias.com\/index.php\/wp-json\/wp\/v2\/media?parent=141575"}],"wp:term":[{"taxonomy":"category","embeddable":true,"href":"https:\/\/cdnoticias.com\/index.php\/wp-json\/wp\/v2\/categories?post=141575"},{"taxonomy":"post_tag","embeddable":true,"href":"https:\/\/cdnoticias.com\/index.php\/wp-json\/wp\/v2\/tags?post=141575"}],"curies":[{"name":"wp","href":"https:\/\/api.w.org\/{rel}","templated":true}]}}