{"id":141572,"date":"2021-09-01T16:59:47","date_gmt":"2021-09-01T19:59:47","guid":{"rendered":"http:\/\/centraldeportes.com.ar\/?p=4388"},"modified":"2025-01-28T23:35:40","modified_gmt":"2025-01-29T02:35:40","slug":"hubo-campeones-en-el-fortin-y-estudiantes","status":"publish","type":"post","link":"https:\/\/cdnoticias.com\/index.php\/2021\/09\/01\/hubo-campeones-en-el-fortin-y-estudiantes\/","title":{"rendered":"Hubo campeones en El Fort\u00edn y Estudiantes"},"content":{"rendered":"<p>Cuatro categor\u00edas que vieron acci\u00f3n en los courts del Club Estudiantes y tambi\u00e9n en El Fort\u00edn completaron sus primeros dos fines de semana de competencia regulados por la Liga Olavarriense de Tenis.<!--more--><\/p>\n<hr \/>\n<p>El pasado domingo lleg\u00f3 a su fin la 1\u00b0 fecha de la Liga Olavarriense de Tenis para Segunda, Tercera, Quinta y Sexta categor\u00eda.<\/p>\n<p>&nbsp;<\/p>\n<p>Joaqu\u00edn Hern\u00e1ndez se qued\u00f3 con el t\u00edtulo en Segunda tras vencer a Mariano Galarza por 6\/2 y 6\/1 y en Tercera, Manuel Zulaica derrot\u00f3 a Tom\u00e1s Narvarte por 6\/2 y 6\/0 para ser campe\u00f3n; ambas definiciones se llevaron a cabo en las canchas del Parque Guerrero.<\/p>\n<p>&nbsp;<\/p>\n<p>Por otro lado, en El Fort\u00edn, Fabi\u00e1n Otero venci\u00f3 a Ricardo Villaverde por 3\/6, 6\/4 y 6\/4 y fue el ganador de Quinta y Francisco Giorgio gan\u00f3 en Sexta tras imponerse a Cristian Areco por 6\/3 y 6\/2.<\/p>\n<p>&nbsp;<\/p>\n<p><img data-recalc-dims=\"1\" loading=\"lazy\" decoding=\"async\" class=\"aligncenter size-full wp-image-4390\" src=\"https:\/\/i0.wp.com\/centraldeportes.com.ar\/wp-content\/uploads\/2021\/09\/WhatsApp-Image-2021-08-30-at-21.45.43.jpeg?resize=800%2C681\" alt=\"\" width=\"800\" height=\"681\" \/><\/p>\n<p>&nbsp;<\/p>\n<p>Por \u00faltimo se anunci\u00f3 que Olavarr\u00eda ser\u00e1 sede del 5\u00b0 Torneo Regional (ex-G2) de menores de la Asociaci\u00f3n Argentina de Tenis, que ser\u00e1 fiscalizado por la Federaci\u00f3n de Clubes de Tenis del Centro y se llevar\u00e1 a cabo los d\u00edas 9, 10 y 11 de septiembre y recibir\u00e1 a deportistas desde la categor\u00eda Sub12 a Sub18.<\/p>\n<p>&nbsp;<\/p>\n<p>Las instalaciones designadas para dicho evento son las canchas del Club Atl\u00e9tico Estudiantes como sede y las de Racing Atl\u00e9tic Club como sub-sede, donde los \u201cjuniors\u201d m\u00e1s destacados de toda la regi\u00f3n disputar\u00e1n sus partidos.<\/p>\n","protected":false},"excerpt":{"rendered":"<p>Cuatro categor\u00edas que vieron acci\u00f3n en los courts del Club Estudiantes y tambi\u00e9n en El Fort\u00edn completaron sus primeros dos<\/p>\n","protected":false},"author":96739694,"featured_media":143451,"comment_status":"closed","ping_status":"closed","sticky":false,"template":"","format":"standard","meta":{"_jetpack_memberships_contains_paid_content":false,"footnotes":""},"categories":[30,1],"tags":[],"class_list":["post-141572","post","type-post","status-publish","format-standard","has-post-thumbnail","hentry","category-polideportivo","category-portada"],"jetpack_featured_media_url":"https:\/\/i0.wp.com\/cdnoticias.com\/wp-content\/uploads\/2021\/09\/WhatsApp-Image-2021-08-30-at-18.03.01.jpeg?fit=1200%2C1600&ssl=1","jetpack_sharing_enabled":true,"_links":{"self":[{"href":"https:\/\/cdnoticias.com\/index.php\/wp-json\/wp\/v2\/posts\/141572","targetHints":{"allow":["GET"]}}],"collection":[{"href":"https:\/\/cdnoticias.com\/index.php\/wp-json\/wp\/v2\/posts"}],"about":[{"href":"https:\/\/cdnoticias.com\/index.php\/wp-json\/wp\/v2\/types\/post"}],"author":[{"embeddable":true,"href":"https:\/\/cdnoticias.com\/index.php\/wp-json\/wp\/v2\/users\/96739694"}],"replies":[{"embeddable":true,"href":"https:\/\/cdnoticias.com\/index.php\/wp-json\/wp\/v2\/comments?post=141572"}],"version-history":[{"count":0,"href":"https:\/\/cdnoticias.com\/index.php\/wp-json\/wp\/v2\/posts\/141572\/revisions"}],"wp:featuredmedia":[{"embeddable":true,"href":"https:\/\/cdnoticias.com\/index.php\/wp-json\/wp\/v2\/media\/143451"}],"wp:attachment":[{"href":"https:\/\/cdnoticias.com\/index.php\/wp-json\/wp\/v2\/media?parent=141572"}],"wp:term":[{"taxonomy":"category","embeddable":true,"href":"https:\/\/cdnoticias.com\/index.php\/wp-json\/wp\/v2\/categories?post=141572"},{"taxonomy":"post_tag","embeddable":true,"href":"https:\/\/cdnoticias.com\/index.php\/wp-json\/wp\/v2\/tags?post=141572"}],"curies":[{"name":"wp","href":"https:\/\/api.w.org\/{rel}","templated":true}]}}