{"id":141557,"date":"2021-08-30T17:29:22","date_gmt":"2021-08-30T20:29:22","guid":{"rendered":"http:\/\/centraldeportes.com.ar\/?p=4290"},"modified":"2025-01-28T23:37:07","modified_gmt":"2025-01-29T02:37:07","slug":"racing-busca-dt-francisco-russo-dejo-su-cargo","status":"publish","type":"post","link":"https:\/\/cdnoticias.com\/index.php\/2021\/08\/30\/racing-busca-dt-francisco-russo-dejo-su-cargo\/","title":{"rendered":"Racing busca DT: Francisco Russo dej\u00f3 su cargo"},"content":{"rendered":"<p>Este lunes la Comisi\u00f3n de F\u00fatbol dio por finalizado el v\u00ednculo con el cuerpo t\u00e9cnico de la Primera Divisi\u00f3n, Francisco Fatiga Russo y Jorge Rombo Masson.<!--more--><\/p>\n<hr \/>\n<p>Luego de dos a\u00f1os y medio de trabajo, el proceso a cargo de Francisco Russo a cargo de Racing lleg\u00f3 a su fin.<\/p>\n<p>&nbsp;<\/p>\n<p>Russo y Masson llegaron a la entidad en marzo del 2019, obteniendo el Torneo Clausura ante Ferro en el Buglione Martinese y se mantuvieron al cargo de dos Torneos Regionales Amateurs, obteniendo buenos resultados. Durante el proyecto muchos chicos de las inferiores del club tuvieron su lugar para crecer, llegar a la Primera y participar de pretemporadas con el equipo mayor.<\/p>\n<p>&nbsp;<\/p>\n<p>Pensando en su participaci\u00f3n en el venidero Torneo Regional Amateur, la dirigencia \u201cChaira\u201d ya trabaja para conseguir un reemplazante.<\/p>\n","protected":false},"excerpt":{"rendered":"<p>Este lunes la Comisi\u00f3n de F\u00fatbol dio por finalizado el v\u00ednculo con el cuerpo t\u00e9cnico de la Primera Divisi\u00f3n, Francisco<\/p>\n","protected":false},"author":96739694,"featured_media":143486,"comment_status":"closed","ping_status":"closed","sticky":false,"template":"","format":"standard","meta":{"_jetpack_memberships_contains_paid_content":false,"footnotes":""},"categories":[35,1,41],"tags":[],"class_list":["post-141557","post","type-post","status-publish","format-standard","has-post-thumbnail","hentry","category-futbol","category-portada","category-primera-y-reserva"],"jetpack_featured_media_url":"https:\/\/i0.wp.com\/cdnoticias.com\/wp-content\/uploads\/2021\/08\/fatiga.png?fit=1280%2C853&ssl=1","jetpack_sharing_enabled":true,"_links":{"self":[{"href":"https:\/\/cdnoticias.com\/index.php\/wp-json\/wp\/v2\/posts\/141557","targetHints":{"allow":["GET"]}}],"collection":[{"href":"https:\/\/cdnoticias.com\/index.php\/wp-json\/wp\/v2\/posts"}],"about":[{"href":"https:\/\/cdnoticias.com\/index.php\/wp-json\/wp\/v2\/types\/post"}],"author":[{"embeddable":true,"href":"https:\/\/cdnoticias.com\/index.php\/wp-json\/wp\/v2\/users\/96739694"}],"replies":[{"embeddable":true,"href":"https:\/\/cdnoticias.com\/index.php\/wp-json\/wp\/v2\/comments?post=141557"}],"version-history":[{"count":0,"href":"https:\/\/cdnoticias.com\/index.php\/wp-json\/wp\/v2\/posts\/141557\/revisions"}],"wp:featuredmedia":[{"embeddable":true,"href":"https:\/\/cdnoticias.com\/index.php\/wp-json\/wp\/v2\/media\/143486"}],"wp:attachment":[{"href":"https:\/\/cdnoticias.com\/index.php\/wp-json\/wp\/v2\/media?parent=141557"}],"wp:term":[{"taxonomy":"category","embeddable":true,"href":"https:\/\/cdnoticias.com\/index.php\/wp-json\/wp\/v2\/categories?post=141557"},{"taxonomy":"post_tag","embeddable":true,"href":"https:\/\/cdnoticias.com\/index.php\/wp-json\/wp\/v2\/tags?post=141557"}],"curies":[{"name":"wp","href":"https:\/\/api.w.org\/{rel}","templated":true}]}}