{"id":141549,"date":"2021-08-29T16:08:29","date_gmt":"2021-08-29T19:08:29","guid":{"rendered":"http:\/\/centraldeportes.com.ar\/?p=4235"},"modified":"2021-08-29T16:08:29","modified_gmt":"2021-08-29T19:08:29","slug":"la-ultima-fecha-arranco-con-un-empate","status":"publish","type":"post","link":"https:\/\/cdnoticias.com\/index.php\/2021\/08\/29\/la-ultima-fecha-arranco-con-un-empate\/","title":{"rendered":"La \u00faltima fecha arranc\u00f3 con un empate"},"content":{"rendered":"<p>En el estadio Domingo Colasurdo, Municipales igual\u00f3 1 a 1 con Estudiantes en el inicio de la und\u00e9cima jornada del Torneo Oficial de Primera Divisi\u00f3n. Candia abri\u00f3 el marcador para el \u201cbataraz\u201d y G\u00f3mez sell\u00f3 el empate en el complemento.<\/p>\n<p><!--more--><\/p>\n<hr \/>\n<p>Fue un tiempo para cada uno en la cancha de Ferro Carril Sud donde el conjunto municipal jug\u00f3 en condici\u00f3n de local. Por su parte Estudiantes ya sin chances de \u201ccampeonar\u201d\u00a0 y consolidado como \u00fanico escolta del campeonato, present\u00f3 un equipo con varios debutantes en la banca.<\/p>\n<p>&nbsp;<\/p>\n<p>El primer tiempo fue muy cortado, se protest\u00f3 mucho y se jug\u00f3 poco. Durante los primeros 15 minutos ambos equipos se repartieron la pelota y no hubo peligro en las \u00e1reas aunque el \u201cbata\u201d tuvo m\u00e1s soltura\u00a0 con la circulaci\u00f3n del bal\u00f3n.<\/p>\n<p>&nbsp;<\/p>\n<p>La primera clara del encuentro lleg\u00f3 a los 21 para Municipales, Rossi envi\u00f3 la pelota al \u00e1rea con un pase bombeado y habilit\u00f3 a Sampaoli que defini\u00f3 cruzado y pas\u00f3 cerca del palo derecho del arquero \u201cbataraz\u201d.<\/p>\n<p>&nbsp;<\/p>\n<p>Pasada la media hora del cotejo, Estudiantes se acomod\u00f3 en el mediocampo y empez\u00f3 a llegar con peligro al \u00e1rea de Ovejero. Mientras tanto, los dirigidos por Costanzo sufrieron la baja de Rossi y Vistalli por lesi\u00f3n.<\/p>\n<p>&nbsp;<\/p>\n<p>Sin embargo la paridad se iba a romper a favor de Estudiantes. A los 32 minutos Candia, de buen primer tiempo, marc\u00f3 un golazo desde afuera del \u00e1rea y puso en ventaja al equipo de De la Vega.<\/p>\n<p>&nbsp;<\/p>\n<p>[soliloquy slug=&#8221;municipales-cae&#8221;]<\/p>\n<p>&nbsp;<\/p>\n<p>Sobre el final de la primera mitad las protestas al \u00e1rbitro se apoderaron del partido y ambos entrenadores fueron amonestados pero a pesar de eso Estudiantes lo cerr\u00f3 mejor y se fue al descanso en ventaja.<\/p>\n<p>&nbsp;<\/p>\n<p>La igualdad iba a llegar r\u00e1pido al comienzo del complemento y de pelota parada. A los 48, un centro de tiro libre desde la banda izquierda encontr\u00f3 a G\u00f3mez que sorprendi\u00f3 a todos dentro del \u00e1rea y de volea marc\u00f3 el empate para Municipales.<\/p>\n<p>&nbsp;<\/p>\n<p>A medida que pasaba el tiempo, el \u201cbataraz\u201d fue perdiendo poco a poco la intensidad que hab\u00eda mostrado en la primera mitad\u00a0 a diferencia de los locales que se mostraron s\u00f3lidos en defensa y se sintieron c\u00f3modos con el empate.<\/p>\n<p>&nbsp;<\/p>\n<p>No obstante, el equipo de Enrique De la Vega tuvo chances para ganar el partido en los pies de Schwindt y Seibel pero no estuvieron finos en la definici\u00f3n. Ya sobre el final del partido, Palmieri se fue expulsado por doble amonestaci\u00f3n en Estudiantes.<\/p>\n<p>&nbsp;<\/p>\n<p>No hubo tiempo para m\u00e1s en el Colasurdo, ambos equipos cerraron en tablas el Torneo Oficial y ya se preparan para lo que ser\u00e1 el inicio de un nuevo torneo de la Liga de F\u00fatbol de Olavarr\u00eda el pr\u00f3ximo 5 de septiembre.<\/p>\n<p>&nbsp;<\/p>\n<p>S\u00edntesis Municipales \u2013 Estudiantes:<\/p>\n<p><strong>Municipales (1): Nicol\u00e1s Ovejero; Agust\u00edn Sosa, Ricardo Ferreyra, Braian Niz, Emiliano Vistalli (A. G\u00f3mez); Jonathan Ug\u00f3n (C. Rold\u00e1n), Agust\u00edn Bianchi, Paolo Rossi (A. Ferrari; M. Rold\u00e1n), Emmanuel Appelhans; Isa\u00edas Bourgerner y Leonardo Sampaoli. DT: Emilio Costanzo.<\/strong><\/p>\n<p><strong>Estudiantes (1): Juli\u00e1n Masson; Lautaro Basterrica, Manuel Garrido, Juan Ignacio Siambelar, Ayrton Palmieri; Ger\u00f3nimo Candia, Sim\u00f3n Lohidoy, Eros Salas (G. Trepicchio), Ram\u00f3n Galotti (L. Crivelli); Jes\u00fas Schwindt (V. Gonz\u00e1lez) y Emilio Seibel. DT: Enrique De la Vega.<\/strong><\/p>\n<p>Goles: 32m. PT Ger\u00f3nimo Candia (E); 3m. ST Alejandro G\u00f3mez (M)<\/p>\n<p>Amarillas: Niz y Sampaoli (Municipales); Palmieri (Estudiantes)<\/p>\n<p>Expulsados: 42m. ST Ayrton Palmieri (Estudiantes)<\/p>\n<p>\u00c1rbitro: Lisandro Rodriguez. Estadio: Domingo F. Colasurdo.<\/p>\n","protected":false},"excerpt":{"rendered":"<p>En el estadio Domingo Colasurdo, Municipales igual\u00f3 1 a 1 con Estudiantes en el inicio de la und\u00e9cima jornada del<\/p>\n","protected":false},"author":96739695,"featured_media":0,"comment_status":"closed","ping_status":"closed","sticky":false,"template":"","format":"standard","meta":{"_jetpack_memberships_contains_paid_content":false,"footnotes":""},"categories":[35,1,41],"tags":[],"class_list":["post-141549","post","type-post","status-publish","format-standard","hentry","category-futbol","category-portada","category-primera-y-reserva"],"jetpack_featured_media_url":"","jetpack_sharing_enabled":true,"_links":{"self":[{"href":"https:\/\/cdnoticias.com\/index.php\/wp-json\/wp\/v2\/posts\/141549","targetHints":{"allow":["GET"]}}],"collection":[{"href":"https:\/\/cdnoticias.com\/index.php\/wp-json\/wp\/v2\/posts"}],"about":[{"href":"https:\/\/cdnoticias.com\/index.php\/wp-json\/wp\/v2\/types\/post"}],"author":[{"embeddable":true,"href":"https:\/\/cdnoticias.com\/index.php\/wp-json\/wp\/v2\/users\/96739695"}],"replies":[{"embeddable":true,"href":"https:\/\/cdnoticias.com\/index.php\/wp-json\/wp\/v2\/comments?post=141549"}],"version-history":[{"count":0,"href":"https:\/\/cdnoticias.com\/index.php\/wp-json\/wp\/v2\/posts\/141549\/revisions"}],"wp:attachment":[{"href":"https:\/\/cdnoticias.com\/index.php\/wp-json\/wp\/v2\/media?parent=141549"}],"wp:term":[{"taxonomy":"category","embeddable":true,"href":"https:\/\/cdnoticias.com\/index.php\/wp-json\/wp\/v2\/categories?post=141549"},{"taxonomy":"post_tag","embeddable":true,"href":"https:\/\/cdnoticias.com\/index.php\/wp-json\/wp\/v2\/tags?post=141549"}],"curies":[{"name":"wp","href":"https:\/\/api.w.org\/{rel}","templated":true}]}}