{"id":141545,"date":"2021-08-28T22:26:38","date_gmt":"2021-08-29T01:26:38","guid":{"rendered":"http:\/\/centraldeportes.com.ar\/?p=4172"},"modified":"2025-01-28T22:30:27","modified_gmt":"2025-01-29T01:30:27","slug":"top-race-junior-damian-covatti-venia-bien-pero-lo-relego-un-toque","status":"publish","type":"post","link":"https:\/\/cdnoticias.com\/index.php\/2021\/08\/28\/top-race-junior-damian-covatti-venia-bien-pero-lo-relego-un-toque\/","title":{"rendered":"Top Race Junior: Dami\u00e1n Covatti ven\u00eda bien, pero lo releg\u00f3 un toque"},"content":{"rendered":"<p>Dami\u00e1n Covatti se present\u00f3 este s\u00e1bado en el aut\u00f3dromo del AMCO donde se lleva a cabo una nueva fecha de Top Race y fue octavo en el Sprint. Adem\u00e1s, el Carx Rally Cross disput\u00f3 sus mangas.<!--more--><\/p>\n<hr \/>\n<p>Las categor\u00edas nacionales que est\u00e1n en el aut\u00f3dromo Hermanos Emiliozzi desarrollaron este s\u00e1bado toda la actividad ante la atenta mirada de Ezequiel Galli.<\/p>\n<p>&nbsp;<\/p>\n<p>El \u00fanico olavarriense, Dami\u00e1n Covatti marchaba en la cuarta colocaci\u00f3n pero un toque lo releg\u00f3 al octavo lugar en el Sprint del Top Race Junior y Roc\u00edo Migliore se qued\u00f3 la victoria. Marcelo Ciarrocchi se qued\u00f3 con el triunfo en el Sprint del TR V6 y Nicol\u00e1s Palau hizo lo propio en la divisional Series.<\/p>\n<p>&nbsp;<\/p>\n<p>El piloto oriundo de nuestra Ciudad ven\u00eda haciendo una excelente tarea, luego de quedar cuarto en la clasificaci\u00f3n, luchaba en el Sprint, pero en el frenaje de la horquilla recibi\u00f3 un toque cuando intentaba superar a un rival.<\/p>\n<p>&nbsp;<\/p>\n<p>[soliloquy id=&#8221;4180&#8243;]<\/p>\n<p>&nbsp;<\/p>\n<p>En el Top Race V6 Fabricio Persia se qued\u00f3 con lo mejor en la clasificaci\u00f3n, a bordo del Chevrolet.<\/p>\n<p>&nbsp;<\/p>\n<p>Adem\u00e1s, este s\u00e1bado sali\u00f3 a pista tambi\u00e9n el CarX Rally Cross, mostrando un entretenido espect\u00e1culo con el desarrollo de pruebas, clasificaci\u00f3n y la disputa de las mangas en el aut\u00f3dromo local, mientras que en anochecer sabatino realiz\u00f3 el lanzamiento oficial de la actividad en el Centro Cultural San Jos\u00e9.<\/p>\n<p>&nbsp;<\/p>\n<p>La categor\u00eda que lleg\u00f3 por primera vez a Olavarr\u00eda tiene a pilotos experimentados como el &#8220;Coyote&#8221; Villagra y Mauricio Lambiris.<\/p>\n","protected":false},"excerpt":{"rendered":"<p>Dami\u00e1n Covatti se present\u00f3 este s\u00e1bado en el aut\u00f3dromo del AMCO donde se lleva a cabo una nueva fecha de<\/p>\n","protected":false},"author":96739694,"featured_media":0,"comment_status":"closed","ping_status":"closed","sticky":false,"template":"","format":"standard","meta":{"_jetpack_memberships_contains_paid_content":false,"footnotes":""},"categories":[34],"tags":[],"class_list":["post-141545","post","type-post","status-publish","format-standard","hentry","category-automovilismo"],"jetpack_featured_media_url":"","jetpack_sharing_enabled":true,"_links":{"self":[{"href":"https:\/\/cdnoticias.com\/index.php\/wp-json\/wp\/v2\/posts\/141545","targetHints":{"allow":["GET"]}}],"collection":[{"href":"https:\/\/cdnoticias.com\/index.php\/wp-json\/wp\/v2\/posts"}],"about":[{"href":"https:\/\/cdnoticias.com\/index.php\/wp-json\/wp\/v2\/types\/post"}],"author":[{"embeddable":true,"href":"https:\/\/cdnoticias.com\/index.php\/wp-json\/wp\/v2\/users\/96739694"}],"replies":[{"embeddable":true,"href":"https:\/\/cdnoticias.com\/index.php\/wp-json\/wp\/v2\/comments?post=141545"}],"version-history":[{"count":0,"href":"https:\/\/cdnoticias.com\/index.php\/wp-json\/wp\/v2\/posts\/141545\/revisions"}],"wp:attachment":[{"href":"https:\/\/cdnoticias.com\/index.php\/wp-json\/wp\/v2\/media?parent=141545"}],"wp:term":[{"taxonomy":"category","embeddable":true,"href":"https:\/\/cdnoticias.com\/index.php\/wp-json\/wp\/v2\/categories?post=141545"},{"taxonomy":"post_tag","embeddable":true,"href":"https:\/\/cdnoticias.com\/index.php\/wp-json\/wp\/v2\/tags?post=141545"}],"curies":[{"name":"wp","href":"https:\/\/api.w.org\/{rel}","templated":true}]}}