{"id":141528,"date":"2021-08-25T19:44:26","date_gmt":"2021-08-25T22:44:26","guid":{"rendered":"http:\/\/centraldeportes.com.ar\/?p=4081"},"modified":"2025-01-28T22:31:21","modified_gmt":"2025-01-29T01:31:21","slug":"el-provincial-tiene-confirmado-el-nuevo-cuerpo-tecnico","status":"publish","type":"post","link":"https:\/\/cdnoticias.com\/index.php\/2021\/08\/25\/el-provincial-tiene-confirmado-el-nuevo-cuerpo-tecnico\/","title":{"rendered":"El Provincial tiene confirmado el nuevo cuerpo t\u00e9cnico"},"content":{"rendered":"<p>En el transcurso del martes se oficializ\u00f3 la contrataci\u00f3n de Mauricio Fourcade y Pedro Orellana como cuerpo t\u00e9cnico de El Provincial.<!--more--><\/p>\n<hr \/>\n<p>Mauricio Foucarde se har\u00e1 cargo del plantel de Primera Divisi\u00f3n y en Reserva estar\u00e1 Pedro Orellana, recientemente alejado del Club Luj\u00e1n.<\/p>\n<p>&nbsp;<\/p>\n<p>Ambos entrenadores dijeron presente en la pr\u00e1ctica del martes, se presentaron ante los jugadores y dieron a conocer su plan de trabajo. Adem\u00e1s se present\u00f3 al entrenador de arqueros y el preparador f\u00edsico.<\/p>\n<p>&nbsp;<\/p>\n<p>A falta de una fecha para finalizar el Torneo Oficial, el \u201caurinegro\u201d piensa en la venidera competencia.<\/p>\n","protected":false},"excerpt":{"rendered":"<p>En el transcurso del martes se oficializ\u00f3 la contrataci\u00f3n de Mauricio Fourcade y Pedro Orellana como cuerpo t\u00e9cnico de El<\/p>\n","protected":false},"author":96739694,"featured_media":143445,"comment_status":"closed","ping_status":"closed","sticky":false,"template":"","format":"standard","meta":{"_jetpack_memberships_contains_paid_content":false,"footnotes":""},"categories":[35,1,41],"tags":[],"class_list":["post-141528","post","type-post","status-publish","format-standard","has-post-thumbnail","hentry","category-futbol","category-portada","category-primera-y-reserva"],"jetpack_featured_media_url":"https:\/\/i0.wp.com\/cdnoticias.com\/wp-content\/uploads\/2021\/08\/elprovincial.png?fit=800%2C504&ssl=1","jetpack_sharing_enabled":true,"_links":{"self":[{"href":"https:\/\/cdnoticias.com\/index.php\/wp-json\/wp\/v2\/posts\/141528","targetHints":{"allow":["GET"]}}],"collection":[{"href":"https:\/\/cdnoticias.com\/index.php\/wp-json\/wp\/v2\/posts"}],"about":[{"href":"https:\/\/cdnoticias.com\/index.php\/wp-json\/wp\/v2\/types\/post"}],"author":[{"embeddable":true,"href":"https:\/\/cdnoticias.com\/index.php\/wp-json\/wp\/v2\/users\/96739694"}],"replies":[{"embeddable":true,"href":"https:\/\/cdnoticias.com\/index.php\/wp-json\/wp\/v2\/comments?post=141528"}],"version-history":[{"count":0,"href":"https:\/\/cdnoticias.com\/index.php\/wp-json\/wp\/v2\/posts\/141528\/revisions"}],"wp:featuredmedia":[{"embeddable":true,"href":"https:\/\/cdnoticias.com\/index.php\/wp-json\/wp\/v2\/media\/143445"}],"wp:attachment":[{"href":"https:\/\/cdnoticias.com\/index.php\/wp-json\/wp\/v2\/media?parent=141528"}],"wp:term":[{"taxonomy":"category","embeddable":true,"href":"https:\/\/cdnoticias.com\/index.php\/wp-json\/wp\/v2\/categories?post=141528"},{"taxonomy":"post_tag","embeddable":true,"href":"https:\/\/cdnoticias.com\/index.php\/wp-json\/wp\/v2\/tags?post=141528"}],"curies":[{"name":"wp","href":"https:\/\/api.w.org\/{rel}","templated":true}]}}