{"id":141522,"date":"2021-08-25T00:31:17","date_gmt":"2021-08-25T03:31:17","guid":{"rendered":"http:\/\/centraldeportes.com.ar\/?p=4049"},"modified":"2025-01-28T22:24:41","modified_gmt":"2025-01-29T01:24:41","slug":"salvareschi-titular-en-el-empate-de-sarmiento","status":"publish","type":"post","link":"https:\/\/cdnoticias.com\/index.php\/2021\/08\/25\/salvareschi-titular-en-el-empate-de-sarmiento\/","title":{"rendered":"Salvareschi titular en el empate de Sarmiento"},"content":{"rendered":"<p>Este martes inici\u00f3 una nueva fecha del Torneo Socios organizado por la Asociaci\u00f3n de F\u00fatbol Argentino y Sarmiento se present\u00f3 en Santa Fe. Fue empate 1 a 1 ante Col\u00f3n.<\/p>\n<p><!--more--><\/p>\n<hr \/>\n<p>Braian Salvareschi fue titular en Sarmiento que con gol de Mainero logr\u00f3 empatar en el comienzo de la octava fecha.<\/p>\n<p>&nbsp;<\/p>\n<p>El defensor del &#8220;Verde&#8221; sigue siendo indiscutido en el equipo y complet\u00f3 los 90 minutos en el equipo que suma 10 puntos para ser 14 en la tabla de posiciones.<\/p>\n","protected":false},"excerpt":{"rendered":"<p>Este martes inici\u00f3 una nueva fecha del Torneo Socios organizado por la Asociaci\u00f3n de F\u00fatbol Argentino y Sarmiento se present\u00f3<\/p>\n","protected":false},"author":96739694,"featured_media":143366,"comment_status":"closed","ping_status":"closed","sticky":false,"template":"","format":"standard","meta":{"_jetpack_memberships_contains_paid_content":false,"footnotes":""},"categories":[35,37,1],"tags":[],"class_list":["post-141522","post","type-post","status-publish","format-standard","has-post-thumbnail","hentry","category-futbol","category-futbol-profesional","category-portada"],"jetpack_featured_media_url":"https:\/\/i0.wp.com\/cdnoticias.com\/wp-content\/uploads\/2021\/08\/240431437_1991760624324032_8300610513181632224_n.jpg?fit=1440%2C959&ssl=1","jetpack_sharing_enabled":true,"_links":{"self":[{"href":"https:\/\/cdnoticias.com\/index.php\/wp-json\/wp\/v2\/posts\/141522","targetHints":{"allow":["GET"]}}],"collection":[{"href":"https:\/\/cdnoticias.com\/index.php\/wp-json\/wp\/v2\/posts"}],"about":[{"href":"https:\/\/cdnoticias.com\/index.php\/wp-json\/wp\/v2\/types\/post"}],"author":[{"embeddable":true,"href":"https:\/\/cdnoticias.com\/index.php\/wp-json\/wp\/v2\/users\/96739694"}],"replies":[{"embeddable":true,"href":"https:\/\/cdnoticias.com\/index.php\/wp-json\/wp\/v2\/comments?post=141522"}],"version-history":[{"count":0,"href":"https:\/\/cdnoticias.com\/index.php\/wp-json\/wp\/v2\/posts\/141522\/revisions"}],"wp:featuredmedia":[{"embeddable":true,"href":"https:\/\/cdnoticias.com\/index.php\/wp-json\/wp\/v2\/media\/143366"}],"wp:attachment":[{"href":"https:\/\/cdnoticias.com\/index.php\/wp-json\/wp\/v2\/media?parent=141522"}],"wp:term":[{"taxonomy":"category","embeddable":true,"href":"https:\/\/cdnoticias.com\/index.php\/wp-json\/wp\/v2\/categories?post=141522"},{"taxonomy":"post_tag","embeddable":true,"href":"https:\/\/cdnoticias.com\/index.php\/wp-json\/wp\/v2\/tags?post=141522"}],"curies":[{"name":"wp","href":"https:\/\/api.w.org\/{rel}","templated":true}]}}