{"id":141519,"date":"2021-08-24T10:56:08","date_gmt":"2021-08-24T13:56:08","guid":{"rendered":"http:\/\/centraldeportes.com.ar\/?p=4037"},"modified":"2025-01-28T22:25:10","modified_gmt":"2025-01-29T01:25:10","slug":"cuenta-regresiva-para-diaz-aspiroz-iniciaron-los-juegos-paralimpicos","status":"publish","type":"post","link":"https:\/\/cdnoticias.com\/index.php\/2021\/08\/24\/cuenta-regresiva-para-diaz-aspiroz-iniciaron-los-juegos-paralimpicos\/","title":{"rendered":"Cuenta regresiva para D\u00edaz Aspiroz: iniciaron los Juegos Paral\u00edmpicos"},"content":{"rendered":"<p>Pocos d\u00edas faltan para que el olavarriense inicie su segunda participaci\u00f3n ol\u00edmpica y a la espera de la presentaci\u00f3n de Lucas D\u00edaz Aspiroz, este martes se realiz\u00f3 la ceremonia de apertura de los Juegos Paral\u00edmpicos de Tokio.<!--more--><\/p>\n<hr \/>\n<p>En el estadio Nacional de Tokio, se realiz\u00f3 la ceremonia que incluy\u00f3 el tradicional desfile de delegaciones y una historia de superaci\u00f3n en la previa de encender el pebetero ol\u00edmpico que marc\u00f3 el inicio de los Juegos Paral\u00edmpicos de Tokio.<\/p>\n<p>&nbsp;<\/p>\n<p>Yanina Mart\u00ednez y Fabi\u00e1n Ram\u00edrez fueron los portadores de la bandera argentina y Lucas D\u00edaz Aspiroz no estuvo presente en el acto inaugural ya que contin\u00faa entrenando en Rep\u00fablica Checa con la Selecci\u00f3n Argentina.<\/p>\n<p>&nbsp;<\/p>\n<p>El palista que competir\u00e1 en la prueba de KL1 200 llegar\u00e1 a la Villa Ol\u00edmpica el pr\u00f3ximo jueves 26 de agosto y su debut se producir\u00e1 el \u00a01 de septiembre a las 21:30 hs. local y de lograr la clasificaci\u00f3n, las semifinales y finales ser\u00e1n el 2 de septiembre, tambi\u00e9n a las 21:30 hs.<\/p>\n<p>&nbsp;<\/p>\n<p>Esta es la segunda experiencia ol\u00edmpica para el representante del Club Estudiantes, la primera fue en R\u00edo 2016, donde qued\u00f3 entre los 6 mejores.<\/p>\n","protected":false},"excerpt":{"rendered":"<p>Pocos d\u00edas faltan para que el olavarriense inicie su segunda participaci\u00f3n ol\u00edmpica y a la espera de la presentaci\u00f3n de<\/p>\n","protected":false},"author":96739694,"featured_media":143374,"comment_status":"closed","ping_status":"closed","sticky":false,"template":"","format":"standard","meta":{"_jetpack_memberships_contains_paid_content":false,"footnotes":""},"categories":[30,1],"tags":[],"class_list":["post-141519","post","type-post","status-publish","format-standard","has-post-thumbnail","hentry","category-polideportivo","category-portada"],"jetpack_featured_media_url":"https:\/\/i0.wp.com\/cdnoticias.com\/wp-content\/uploads\/2021\/08\/WhatsApp-Image-2021-08-24-at-10.50.14-AM.jpeg?fit=1279%2C719&ssl=1","jetpack_sharing_enabled":true,"_links":{"self":[{"href":"https:\/\/cdnoticias.com\/index.php\/wp-json\/wp\/v2\/posts\/141519","targetHints":{"allow":["GET"]}}],"collection":[{"href":"https:\/\/cdnoticias.com\/index.php\/wp-json\/wp\/v2\/posts"}],"about":[{"href":"https:\/\/cdnoticias.com\/index.php\/wp-json\/wp\/v2\/types\/post"}],"author":[{"embeddable":true,"href":"https:\/\/cdnoticias.com\/index.php\/wp-json\/wp\/v2\/users\/96739694"}],"replies":[{"embeddable":true,"href":"https:\/\/cdnoticias.com\/index.php\/wp-json\/wp\/v2\/comments?post=141519"}],"version-history":[{"count":0,"href":"https:\/\/cdnoticias.com\/index.php\/wp-json\/wp\/v2\/posts\/141519\/revisions"}],"wp:featuredmedia":[{"embeddable":true,"href":"https:\/\/cdnoticias.com\/index.php\/wp-json\/wp\/v2\/media\/143374"}],"wp:attachment":[{"href":"https:\/\/cdnoticias.com\/index.php\/wp-json\/wp\/v2\/media?parent=141519"}],"wp:term":[{"taxonomy":"category","embeddable":true,"href":"https:\/\/cdnoticias.com\/index.php\/wp-json\/wp\/v2\/categories?post=141519"},{"taxonomy":"post_tag","embeddable":true,"href":"https:\/\/cdnoticias.com\/index.php\/wp-json\/wp\/v2\/tags?post=141519"}],"curies":[{"name":"wp","href":"https:\/\/api.w.org\/{rel}","templated":true}]}}