{"id":141517,"date":"2021-08-23T23:50:48","date_gmt":"2021-08-24T02:50:48","guid":{"rendered":"http:\/\/centraldeportes.com.ar\/?p=4017"},"modified":"2025-01-28T22:25:13","modified_gmt":"2025-01-29T01:25:13","slug":"franco-fernandez-le-pudimos-devolver-algo-lindo-al-club","status":"publish","type":"post","link":"https:\/\/cdnoticias.com\/index.php\/2021\/08\/23\/franco-fernandez-le-pudimos-devolver-algo-lindo-al-club\/","title":{"rendered":"Franco Fern\u00e1ndez: \u201cLe pudimos devolver algo lindo al club\u201d"},"content":{"rendered":"<p>El delantero de Embajadores fue una de las figuras en el encuentro frente a Sierra Chica y cont\u00f3 sus sensaciones luego de la conquista del t\u00edtulo. Adem\u00e1s el presidente del club, Fernando Di Carlo sintetiz\u00f3 sus emociones: \u201cEste t\u00edtulo me llena de satisfacci\u00f3n y orgullo\u201d.<\/p>\n<p><!--more--><\/p>\n<hr \/>\n<p>El Torneo Oficial de Primera Divisi\u00f3n ya tiene a su campe\u00f3n. Con la victoria por 4 a 2 frente a Sierra Chica, el equipo de la Avenida Avellaneda sell\u00f3 su noveno triunfo al hilo y buscar\u00e1 cerrar el campeonato de forma invicta.<\/p>\n<p>&nbsp;<\/p>\n<blockquote><p>\u201cEstamos muy felices de haber conseguido el t\u00edtulo faltando una fecha. Creo que fuimos superiores a lo largo del torneo y nos propusimos jugar cada partido como una final\u201d, cont\u00f3 Fern\u00e1ndez.<\/p><\/blockquote>\n<p>&nbsp;<\/p>\n<p>En relaci\u00f3n a c\u00f3mo vivi\u00f3 el plantel la semana previa al duelo consagratorio, el atacante de Embajadores afirm\u00f3: <strong>\u201cTuvimos dos semanas para prepararnos de la mejor manera. Varios de los chicos entrenamos a la noche solos con el profesor por cuestiones laborales y eso tambi\u00e9n habla del sacrificio que hacemos, adem\u00e1s tenemos una cancha espectacular y lo lindo es que le pudimos devolver algo al club\u201d.<\/strong><\/p>\n<p>&nbsp;<\/p>\n<p>Con el doblete marcado en el enfrentamiento frente a Sierra Chica, Fern\u00e1ndez lleg\u00f3 a los 8 tantos y pelea la tabla de goleadores con el delantero de Racing: <strong>\u201cA nivel personal me siento muy bien, con los dos goles que hice igual\u00e9 a Luciano Rojas as\u00ed que el fin de semana que viene voy a tratar de superarlo\u201d<\/strong>.<\/p>\n<p>&nbsp;<\/p>\n<p><img data-recalc-dims=\"1\" loading=\"lazy\" decoding=\"async\" class=\"aligncenter size-full wp-image-3933\" src=\"https:\/\/i0.wp.com\/centraldeportes.com.ar\/wp-content\/uploads\/2021\/08\/ceocampeon-17.png?resize=800%2C533\" alt=\"\" width=\"800\" height=\"533\" \/><\/p>\n<p>&nbsp;<\/p>\n<p>Por otra parte el Presidente y fundador del club, Fernando \u201cTero\u201d Di Carlo, tambi\u00e9n habl\u00f3 de la obtenci\u00f3n del t\u00edtulo: <strong>\u201cLa verdad que es una emoci\u00f3n muy grande e inmensa porque a estos chicos los vi crecer, formarse en el club y que hayan podido ganar el campeonato me llena de satisfacci\u00f3n y orgullo\u201d<\/strong>.<\/p>\n<p>&nbsp;<\/p>\n<p><strong>\u201cAhora nos queda pensar en el Torneo del Interior, tenemos un plantel muy competitivo y calculo que con algunos refuerzos vamos a estar en la pelea\u201d<\/strong>, finaliz\u00f3 Di Carlo.<\/p>\n","protected":false},"excerpt":{"rendered":"<p>El delantero de Embajadores fue una de las figuras en el encuentro frente a Sierra Chica y cont\u00f3 sus sensaciones<\/p>\n","protected":false},"author":96739694,"featured_media":143378,"comment_status":"closed","ping_status":"closed","sticky":false,"template":"","format":"standard","meta":{"_jetpack_memberships_contains_paid_content":false,"footnotes":""},"categories":[35,1,41],"tags":[],"class_list":["post-141517","post","type-post","status-publish","format-standard","has-post-thumbnail","hentry","category-futbol","category-portada","category-primera-y-reserva"],"jetpack_featured_media_url":"https:\/\/i0.wp.com\/cdnoticias.com\/wp-content\/uploads\/2021\/08\/ceocampeon-6.png?fit=1280%2C853&ssl=1","jetpack_sharing_enabled":true,"_links":{"self":[{"href":"https:\/\/cdnoticias.com\/index.php\/wp-json\/wp\/v2\/posts\/141517","targetHints":{"allow":["GET"]}}],"collection":[{"href":"https:\/\/cdnoticias.com\/index.php\/wp-json\/wp\/v2\/posts"}],"about":[{"href":"https:\/\/cdnoticias.com\/index.php\/wp-json\/wp\/v2\/types\/post"}],"author":[{"embeddable":true,"href":"https:\/\/cdnoticias.com\/index.php\/wp-json\/wp\/v2\/users\/96739694"}],"replies":[{"embeddable":true,"href":"https:\/\/cdnoticias.com\/index.php\/wp-json\/wp\/v2\/comments?post=141517"}],"version-history":[{"count":0,"href":"https:\/\/cdnoticias.com\/index.php\/wp-json\/wp\/v2\/posts\/141517\/revisions"}],"wp:featuredmedia":[{"embeddable":true,"href":"https:\/\/cdnoticias.com\/index.php\/wp-json\/wp\/v2\/media\/143378"}],"wp:attachment":[{"href":"https:\/\/cdnoticias.com\/index.php\/wp-json\/wp\/v2\/media?parent=141517"}],"wp:term":[{"taxonomy":"category","embeddable":true,"href":"https:\/\/cdnoticias.com\/index.php\/wp-json\/wp\/v2\/categories?post=141517"},{"taxonomy":"post_tag","embeddable":true,"href":"https:\/\/cdnoticias.com\/index.php\/wp-json\/wp\/v2\/tags?post=141517"}],"curies":[{"name":"wp","href":"https:\/\/api.w.org\/{rel}","templated":true}]}}