{"id":141507,"date":"2021-08-21T23:41:29","date_gmt":"2021-08-22T02:41:29","guid":{"rendered":"http:\/\/centraldeportes.com.ar\/?p=3866"},"modified":"2025-01-28T22:26:32","modified_gmt":"2025-01-29T01:26:32","slug":"ahora-fue-turno-de-racing-azul-de-festejar-en-el-clasico","status":"publish","type":"post","link":"https:\/\/cdnoticias.com\/index.php\/2021\/08\/21\/ahora-fue-turno-de-racing-azul-de-festejar-en-el-clasico\/","title":{"rendered":"Ahora fue turno de Racing Azul de festejar en el cl\u00e1sico"},"content":{"rendered":"<p>En la continuaci\u00f3n de la cuarta fecha del Torneo de Primera de la ABO, Estudiantes Negro recibi\u00f3 a Racing Azul y fue victoria para el \u201cChaira\u201d por 76 a 56.<!--more--><\/p>\n<hr \/>\n<p>El \u201cChaira\u201d Azul tuvo en l\u00edneas generales un gran partido, defendi\u00f3 a los rivales que deb\u00eda, convirti\u00f3 una buena cantidad de triples y cont\u00f3 con Francisco Fern\u00e1ndez, el goleador de la noche con 23 puntos.<\/p>\n<p>&nbsp;<\/p>\n<p>Los primeros diez minutos fueron muy parejos en l\u00edneas generales. Estudiantes tuvo un notable arranque con el aporte del \u201cToro\u201d Alem y su rival de turno reparti\u00f3 su goleo y reci\u00e9n la peque\u00f1a diferencia a favor de la visita lleg\u00f3 sobre el final con un triple de Tom\u00e1s Ciuffatelli.<\/p>\n<p>&nbsp;<\/p>\n\n<p>&nbsp;<\/p>\n<p>Misma v\u00eda de gol encontraron los dirigidos por Mat\u00edas Orlando al inicio del segundo periodo que oblig\u00f3 la detenci\u00f3n por parte de los locales, y tras varios minutos de paridad con los aportes goleadores de Tom\u00e1s Ferreyra y Andr\u00e9s Ruiz por un lado y Luciano Dilascio por el otro, finaliz\u00f3 la primera parte con ventaja para la visita por 37 a 28.<\/p>\n<p>&nbsp;<\/p>\n<p>En el inicio de la segunda mitad, donde Estudiantes logr\u00f3 ponerse a solo un doble, Francisco Fern\u00e1ndez se hizo cargo de las ofensivas \u201cchairas\u201d y estir\u00f3 la m\u00e1xima a m\u00e1s de una decena de puntos que alejaron m\u00e1s los triples de Ruiz y Ciuffatelli.<\/p>\n<p>&nbsp;<\/p>\n<p>Los \u00faltimos 10 minutos no variaron demasiado, el \u201cBataraz\u201d intent\u00f3 descontar y se desconcentr\u00f3 en defensa, para que Racing aprovechara los recuperos y salidas r\u00e1pidas para estirar la distancia a una veintena de puntos antes de la chicharra final.<\/p>\n<p>&nbsp;<\/p>\n<p>Festej\u00f3 Racing Azul se tom\u00f3 revancha del cl\u00e1sico perdido ante el \u201cBata\u201d Blanco y estuvo bien, porque hizo valer sus fortalezas, inquiet\u00f3 tanto a sus rivales que no sac\u00f3 ventajas en los cent\u00edmetros de altura y tampoco pudo encontrar variantes en sus jugadores habilidosos.<\/p>\n<p>&nbsp;<\/p>\n<p>El \u00faltimo partido de la 4\u00b0 fecha del Torneo Oficial ser\u00e1 el pr\u00f3ximo lunes cuando Racing Blanco reciba a Ferro en el Parque Olavarr\u00eda.<\/p>\n<p>&nbsp;<\/p>\n<p>S\u00edntesis Estudiantes Negro \u2013 Racing Azul:<br \/>\nEstadio: Maxigimnasio<br \/>\n\u00c1rbitros: Verbarg, D. y Rigo, J.<br \/>\nEstudiantes Negro (56): Schaw (3), Aman, I. (8), Alem (14), Silveyra (2), Callegaro (7) -FI- Aman, S. (5), S\u00e1nchez Savi (1), San Mart\u00edn (4), Borzi (4), Dilascio (8). DT- Irineo Galli<br \/>\nRacing Azul (76): Ruiz (17), Mondini (4), Oronoz (7), Fornes (4), Fern\u00e1ndez (23) -FI- Navarro, J. (0), Ferreyra (6), Navarro, S. (2), D\u00b4Alessio (2), Ciuffetelli (11). DT- Mat\u00edas Orlando<br \/>\nParciales: 14 \u2013 17; 28 \u2013 37; 47 \u2013 61 y 56 \u2013 76.<\/p>\n","protected":false},"excerpt":{"rendered":"<p>En la continuaci\u00f3n de la cuarta fecha del Torneo de Primera de la ABO, Estudiantes Negro recibi\u00f3 a Racing Azul<\/p>\n","protected":false},"author":96739694,"featured_media":0,"comment_status":"closed","ping_status":"closed","sticky":false,"template":"","format":"standard","meta":{"_jetpack_memberships_contains_paid_content":false,"footnotes":""},"categories":[31,1,43],"tags":[],"class_list":["post-141507","post","type-post","status-publish","format-standard","hentry","category-basquet","category-portada","category-primera"],"jetpack_featured_media_url":"","jetpack_sharing_enabled":true,"_links":{"self":[{"href":"https:\/\/cdnoticias.com\/index.php\/wp-json\/wp\/v2\/posts\/141507","targetHints":{"allow":["GET"]}}],"collection":[{"href":"https:\/\/cdnoticias.com\/index.php\/wp-json\/wp\/v2\/posts"}],"about":[{"href":"https:\/\/cdnoticias.com\/index.php\/wp-json\/wp\/v2\/types\/post"}],"author":[{"embeddable":true,"href":"https:\/\/cdnoticias.com\/index.php\/wp-json\/wp\/v2\/users\/96739694"}],"replies":[{"embeddable":true,"href":"https:\/\/cdnoticias.com\/index.php\/wp-json\/wp\/v2\/comments?post=141507"}],"version-history":[{"count":0,"href":"https:\/\/cdnoticias.com\/index.php\/wp-json\/wp\/v2\/posts\/141507\/revisions"}],"wp:attachment":[{"href":"https:\/\/cdnoticias.com\/index.php\/wp-json\/wp\/v2\/media?parent=141507"}],"wp:term":[{"taxonomy":"category","embeddable":true,"href":"https:\/\/cdnoticias.com\/index.php\/wp-json\/wp\/v2\/categories?post=141507"},{"taxonomy":"post_tag","embeddable":true,"href":"https:\/\/cdnoticias.com\/index.php\/wp-json\/wp\/v2\/tags?post=141507"}],"curies":[{"name":"wp","href":"https:\/\/api.w.org\/{rel}","templated":true}]}}