{"id":141506,"date":"2021-08-21T23:16:33","date_gmt":"2021-08-22T02:16:33","guid":{"rendered":"http:\/\/centraldeportes.com.ar\/?p=3860"},"modified":"2025-01-28T22:26:33","modified_gmt":"2025-01-29T01:26:33","slug":"velez-corto-la-mala-racha-con-una-goleada-frente-a-lanus","status":"publish","type":"post","link":"https:\/\/cdnoticias.com\/index.php\/2021\/08\/21\/velez-corto-la-mala-racha-con-una-goleada-frente-a-lanus\/","title":{"rendered":"V\u00e9lez cort\u00f3 la mala racha con una goleada frente a Lan\u00fas"},"content":{"rendered":"<p>V\u00e9lez logr\u00f3 darle fin a la sequ\u00eda goleadora y este s\u00e1bado venci\u00f3 a Lan\u00fas por 5 a 1, sumando as\u00ed su primer triunfo en el Torneo de los Socios de la AFA. Jugaron Lucas Janson y Pedro De la Vega.<\/p>\n<p><!--more--><\/p>\n<hr \/>\n<p>El \u201cFort\u00edn\u201d cort\u00f3 la mala racha y en el cotejo disputado en el Jos\u00e9 Amalfitani, gole\u00f3 al \u201cGranate\u201d con Lucas Janson desde el arranque y siendo reemplazado en la segunda mitad por Ricardo Centrui\u00f3n que fue autor de uno de los goles. Adem\u00e1s marcaron Agust\u00edn Bouzat, Thiago Almada, Santiago C\u00e1ceres y Francisco Ortega para el local y Tom\u00e1s Belmonte para el equipo de Lu\u00eds Zubeld\u00eda.<\/p>\n<p>&nbsp;<\/p>\n<p>Pedro De la Vega ingres\u00f3 a los 66\u00b4 en reemplazo de \u00c1ngel Gonz\u00e1lez en el elenco perdedor que sum\u00f3 su segunda ca\u00edda en la competencia que se encuentra disputando la 7\u00b0 fecha.<\/p>\n","protected":false},"excerpt":{"rendered":"<p>V\u00e9lez logr\u00f3 darle fin a la sequ\u00eda goleadora y este s\u00e1bado venci\u00f3 a Lan\u00fas por 5 a 1, sumando as\u00ed<\/p>\n","protected":false},"author":96739694,"featured_media":143401,"comment_status":"closed","ping_status":"closed","sticky":false,"template":"","format":"standard","meta":{"_jetpack_memberships_contains_paid_content":false,"footnotes":""},"categories":[35,37,1],"tags":[],"class_list":["post-141506","post","type-post","status-publish","format-standard","has-post-thumbnail","hentry","category-futbol","category-futbol-profesional","category-portada"],"jetpack_featured_media_url":"https:\/\/i0.wp.com\/cdnoticias.com\/wp-content\/uploads\/2021\/08\/WhatsApp-Image-2021-08-21-at-10.13.44-PM.jpeg?fit=416%2C234&ssl=1","jetpack_sharing_enabled":true,"_links":{"self":[{"href":"https:\/\/cdnoticias.com\/index.php\/wp-json\/wp\/v2\/posts\/141506","targetHints":{"allow":["GET"]}}],"collection":[{"href":"https:\/\/cdnoticias.com\/index.php\/wp-json\/wp\/v2\/posts"}],"about":[{"href":"https:\/\/cdnoticias.com\/index.php\/wp-json\/wp\/v2\/types\/post"}],"author":[{"embeddable":true,"href":"https:\/\/cdnoticias.com\/index.php\/wp-json\/wp\/v2\/users\/96739694"}],"replies":[{"embeddable":true,"href":"https:\/\/cdnoticias.com\/index.php\/wp-json\/wp\/v2\/comments?post=141506"}],"version-history":[{"count":0,"href":"https:\/\/cdnoticias.com\/index.php\/wp-json\/wp\/v2\/posts\/141506\/revisions"}],"wp:featuredmedia":[{"embeddable":true,"href":"https:\/\/cdnoticias.com\/index.php\/wp-json\/wp\/v2\/media\/143401"}],"wp:attachment":[{"href":"https:\/\/cdnoticias.com\/index.php\/wp-json\/wp\/v2\/media?parent=141506"}],"wp:term":[{"taxonomy":"category","embeddable":true,"href":"https:\/\/cdnoticias.com\/index.php\/wp-json\/wp\/v2\/categories?post=141506"},{"taxonomy":"post_tag","embeddable":true,"href":"https:\/\/cdnoticias.com\/index.php\/wp-json\/wp\/v2\/tags?post=141506"}],"curies":[{"name":"wp","href":"https:\/\/api.w.org\/{rel}","templated":true}]}}