{"id":141493,"date":"2021-08-19T22:01:50","date_gmt":"2021-08-20T01:01:50","guid":{"rendered":"http:\/\/centraldeportes.com.ar\/?p=3722"},"modified":"2025-01-28T22:18:20","modified_gmt":"2025-01-29T01:18:20","slug":"top-race-y-rally-cross-vamos-a-hacer-lo-posible-para-tener-publico","status":"publish","type":"post","link":"https:\/\/cdnoticias.com\/index.php\/2021\/08\/19\/top-race-y-rally-cross-vamos-a-hacer-lo-posible-para-tener-publico\/","title":{"rendered":"Top Race y Rally Cross: &#8220;Vamos a hacer lo posible para tener p\u00fablico&#8221;"},"content":{"rendered":"<p>As\u00ed lo anunciaron en conferencia de prensa las autoridades Municipales y los directivos del Amco. Fue este jueves en el Museo Emiliozzi, confirmando la presencia del Top Race y el CarX Rally Cross.<\/p>\n<p><!--more--><\/p>\n<hr \/>\n<p>Este jueves en el Museo de sitio Hermanos Emiliozzi estuvieron presentes el Intendente Municipal Ezequiel Galli y el Secretario de Desarrollo Humano y Calidad de Vida, Diego Robbiani, acompa\u00f1ados por los directivos del Amco, encabezados por Juan Traversa y Gustavo Tolosa.<\/p>\n<p>&nbsp;<\/p>\n<p>Todos resaltaron la importancia de la llegada de las categor\u00edas, deportiva y econ\u00f3micamente, pero la gran incertidumbre es si podr\u00e1 estar el p\u00fablico.<\/p>\n<p>&nbsp;<\/p>\n<p>[soliloquy slug=&#8221;conferencia-top-race&#8221;]<\/p>\n<p>&nbsp;<\/p>\n<p>Al respecto, Robbiani indic\u00f3 que aguardaran la habilitaci\u00f3n por parte de la Aprevide, de lo contrario iniciar\u00e1n las gestiones necesarias para que pueda estar presente el p\u00fablico respetando los protocolos que establece la provincia.<\/p>\n<p>&nbsp;<\/p>\n<p>La novedad pasa por la presencia de la categor\u00eda CarX Rally Cross, que anuncia la presencia de varios pilotos destacados como como Marcos Ligato, Federico Villagra y el \u201cBocha\u201d Ciantini. Tambi\u00e9n estar\u00eda presente Mauricio Lambiris, el piloto de Turismo Carretera, que corri\u00f3 la \u00faltima competencia de la categor\u00eda en Bueno Aires. Esta categor\u00eda utilizar\u00e1 un trazado mixto alternando asfalto y tierra, y un salto que entregar\u00e1 un espect\u00e1culo diferente.<\/p>\n","protected":false},"excerpt":{"rendered":"<p>As\u00ed lo anunciaron en conferencia de prensa las autoridades Municipales y los directivos del Amco. Fue este jueves en el<\/p>\n","protected":false},"author":96739694,"featured_media":0,"comment_status":"closed","ping_status":"closed","sticky":false,"template":"","format":"standard","meta":{"_jetpack_memberships_contains_paid_content":false,"footnotes":""},"categories":[34,1],"tags":[],"class_list":["post-141493","post","type-post","status-publish","format-standard","hentry","category-automovilismo","category-portada"],"jetpack_featured_media_url":"","jetpack_sharing_enabled":true,"_links":{"self":[{"href":"https:\/\/cdnoticias.com\/index.php\/wp-json\/wp\/v2\/posts\/141493","targetHints":{"allow":["GET"]}}],"collection":[{"href":"https:\/\/cdnoticias.com\/index.php\/wp-json\/wp\/v2\/posts"}],"about":[{"href":"https:\/\/cdnoticias.com\/index.php\/wp-json\/wp\/v2\/types\/post"}],"author":[{"embeddable":true,"href":"https:\/\/cdnoticias.com\/index.php\/wp-json\/wp\/v2\/users\/96739694"}],"replies":[{"embeddable":true,"href":"https:\/\/cdnoticias.com\/index.php\/wp-json\/wp\/v2\/comments?post=141493"}],"version-history":[{"count":0,"href":"https:\/\/cdnoticias.com\/index.php\/wp-json\/wp\/v2\/posts\/141493\/revisions"}],"wp:attachment":[{"href":"https:\/\/cdnoticias.com\/index.php\/wp-json\/wp\/v2\/media?parent=141493"}],"wp:term":[{"taxonomy":"category","embeddable":true,"href":"https:\/\/cdnoticias.com\/index.php\/wp-json\/wp\/v2\/categories?post=141493"},{"taxonomy":"post_tag","embeddable":true,"href":"https:\/\/cdnoticias.com\/index.php\/wp-json\/wp\/v2\/tags?post=141493"}],"curies":[{"name":"wp","href":"https:\/\/api.w.org\/{rel}","templated":true}]}}