{"id":141492,"date":"2021-08-19T19:03:20","date_gmt":"2021-08-19T22:03:20","guid":{"rendered":"http:\/\/centraldeportes.com.ar\/?p=3713"},"modified":"2025-01-28T22:18:21","modified_gmt":"2025-01-29T01:18:21","slug":"matias-orlando-es-una-alegria-enorme-volver-a-competir","status":"publish","type":"post","link":"https:\/\/cdnoticias.com\/index.php\/2021\/08\/19\/matias-orlando-es-una-alegria-enorme-volver-a-competir\/","title":{"rendered":"Mat\u00edas Orlando: \u201cEs una alegr\u00eda enorme volver a competir\u201d"},"content":{"rendered":"<p>A horas del debut frente a Pueblo Nuevo, el entrenador de Racing palpit\u00f3 el comienzo de una nueva temporada del Torneo Provincial de Clubes, habl\u00f3 del estilo de juego que busca y de las nuevas incorporaciones que se sumaron.<\/p>\n<p><!--more--><\/p>\n<hr \/>\n<p>Con cambio de sede confirmada para la primera jornada, el \u201cchaira\u201d se estar\u00e1 enfrentando al \u201clobo\u201d en el Maxigimnasio del Parque Carlos Guerrero el pr\u00f3ximo viernes a las 21:30.<\/p>\n<p>&nbsp;<\/p>\n<p><em><strong>\u201cEs una alegr\u00eda volver a competir, creo que era algo necesario mas all\u00e1 de que est\u00e1bamos activos en el torneo local pero el Provincial te da un plus y una motivaci\u00f3n especial\u201d<\/strong><\/em>, dijo Mat\u00edas Orlando.<\/p>\n<p>&nbsp;<\/p>\n<p><img data-recalc-dims=\"1\" loading=\"lazy\" decoding=\"async\" class=\"aligncenter size-full wp-image-1632\" src=\"https:\/\/i0.wp.com\/centraldeportes.com.ar\/wp-content\/uploads\/2021\/07\/Sin-t%C3%ADtulo-1-4.png?resize=800%2C445\" alt=\"\" width=\"800\" height=\"445\" \/><\/p>\n<p>&nbsp;<\/p>\n<p>El entrenador de Racing sostuvo que <em><strong>\u201cestoy conforme con el equipo, lo veo bien, estamos conoci\u00e9ndonos y ensamblando piezas nuevas sobre todo de los chicos que llegaron; se notan las ganas y la buena predisposici\u00f3n que son fundamentales a la hora de armar el equipo y creo que con el correr del torneo vamos a ir generando esa qu\u00edmica dentro de la cancha\u201d<\/strong><\/em>.<\/p>\n<p>&nbsp;<\/p>\n<p>&nbsp;<\/p>\n<blockquote><p>\u201cTenemos un equipo competitivo\u201d<\/p><\/blockquote>\n<p>&nbsp;<\/p>\n<p>Adem\u00e1s, \u201cMati\u201d Orlando habl\u00f3 sobre el estilo de juego que el equipo viene mostrando en el Torneo de la ABO y es caracter\u00edstico desde hace a\u00f1os: <em><strong>\u201cla intensidad y las ganas se vienen viendo y se empez\u00f3 a ver la adaptaci\u00f3n de jugadores como Nico Lorenzo que tiene mucha experiencia y entiende el juego. He tenido varias charlas con \u00e9l y puedo destacar su buena predisposici\u00f3n para adaptarse al grupo sumando en esa verticalidad que buscamos, pero tambi\u00e9n nos da ese plus de orden y organizaci\u00f3n que muchas veces necesitamos como equipo\u201d<\/strong><\/em>.<\/p>\n<p>&nbsp;<\/p>\n<p><img data-recalc-dims=\"1\" loading=\"lazy\" decoding=\"async\" class=\"aligncenter size-full wp-image-3720\" src=\"https:\/\/i0.wp.com\/centraldeportes.com.ar\/wp-content\/uploads\/2021\/08\/1.png?resize=800%2C533\" alt=\"\" width=\"800\" height=\"533\" \/><\/p>\n<p>&nbsp;<\/p>\n<p>El entrenador de Racing tambi\u00e9n hizo hincapi\u00e9 en el armado del equipo para el Torneo Provincial y se refiri\u00f3 a las situaciones de Nolasco, Yaben y Macrini: <em>\u201cLa prioridad de Gianluca Nolasco pasa por lo laboral y est\u00e1 perfecto. Hoy por hoy no lo vamos a tener en cuenta, considero que es un jugador interesant\u00edsimo, estandarte fundamental de la vieja camada del club y a m\u00ed particularmente me gusta mucho. Despu\u00e9s sobre la situaci\u00f3n de Mateo Macrini sab\u00edamos que ten\u00eda posibilidades de emigrar, sufrimos su baja pero por suerte tenemos jugadores que lo pueden reemplazar. Y en cuanto a Manuel Yaben, est\u00e1 a la expectativa de alguna oferta para jugar Liga Argentina, tambi\u00e9n dialogu\u00e9 con \u00e9l y manifest\u00f3 su inter\u00e9s de participar en el equipo; con \u00e9l sumariamos un jugador m\u00e1s de jerarqu\u00eda pero hoy por hoy no lo contamos\u201d<\/em>.<\/p>\n<p>&nbsp;<\/p>\n<p>A su vez a horas del debut, Orlando realiz\u00f3 un an\u00e1lisis sobre el partido frente a Pueblo Nuevo y agreg\u00f3: <em><strong>\u201cSer\u00e1 un partido s\u00faper cerrado. Los dos equipos tenemos jugadores de jerarqu\u00eda tanto en el per\u00edmetro como en la zona interior y nadie est\u00e1 en ventaja sobre nadie. Pueblo Nuevo tiene jugadores de sobra como para poder jugarle de igual a igual a cualquiera\u201d<\/strong><\/em> y con respecto al traslado al \u201cMaxi\u201d de Estudiantes, <em><strong>\u201cnosotros nos sentimos c\u00f3modos en canchas grandes porque es donde podemos mostrar nuestro ADN de juego\u201d<\/strong><\/em>.<\/p>\n<p>&nbsp;<\/p>\n<p><em><strong>\u201cEl objetivo que tenemos es buscar un buen funcionamiento del equipo y ojal\u00e1 se d\u00e9 ganar los primeros 5 partidos, con el correr de las fechas vamos a ver para qu\u00e9 estamos. Trataremos de competir de la mejor manera posible\u201d<\/strong><\/em>, cerr\u00f3 el entrenador del conjunto \u201cchaira\u201d.<\/p>\n","protected":false},"excerpt":{"rendered":"<p>A horas del debut frente a Pueblo Nuevo, el entrenador de Racing palpit\u00f3 el comienzo de una nueva temporada del<\/p>\n","protected":false},"author":96739694,"featured_media":143326,"comment_status":"closed","ping_status":"closed","sticky":false,"template":"","format":"standard","meta":{"_jetpack_memberships_contains_paid_content":false,"footnotes":""},"categories":[31,1,60],"tags":[],"class_list":["post-141492","post","type-post","status-publish","format-standard","has-post-thumbnail","hentry","category-basquet","category-portada","category-torneo-pre-federal"],"jetpack_featured_media_url":"https:\/\/i0.wp.com\/cdnoticias.com\/wp-content\/uploads\/2021\/08\/ovejaorlando.jpg?fit=770%2C440&ssl=1","jetpack_sharing_enabled":true,"_links":{"self":[{"href":"https:\/\/cdnoticias.com\/index.php\/wp-json\/wp\/v2\/posts\/141492","targetHints":{"allow":["GET"]}}],"collection":[{"href":"https:\/\/cdnoticias.com\/index.php\/wp-json\/wp\/v2\/posts"}],"about":[{"href":"https:\/\/cdnoticias.com\/index.php\/wp-json\/wp\/v2\/types\/post"}],"author":[{"embeddable":true,"href":"https:\/\/cdnoticias.com\/index.php\/wp-json\/wp\/v2\/users\/96739694"}],"replies":[{"embeddable":true,"href":"https:\/\/cdnoticias.com\/index.php\/wp-json\/wp\/v2\/comments?post=141492"}],"version-history":[{"count":0,"href":"https:\/\/cdnoticias.com\/index.php\/wp-json\/wp\/v2\/posts\/141492\/revisions"}],"wp:featuredmedia":[{"embeddable":true,"href":"https:\/\/cdnoticias.com\/index.php\/wp-json\/wp\/v2\/media\/143326"}],"wp:attachment":[{"href":"https:\/\/cdnoticias.com\/index.php\/wp-json\/wp\/v2\/media?parent=141492"}],"wp:term":[{"taxonomy":"category","embeddable":true,"href":"https:\/\/cdnoticias.com\/index.php\/wp-json\/wp\/v2\/categories?post=141492"},{"taxonomy":"post_tag","embeddable":true,"href":"https:\/\/cdnoticias.com\/index.php\/wp-json\/wp\/v2\/tags?post=141492"}],"curies":[{"name":"wp","href":"https:\/\/api.w.org\/{rel}","templated":true}]}}