{"id":141489,"date":"2021-08-19T13:52:42","date_gmt":"2021-08-19T16:52:42","guid":{"rendered":"http:\/\/centraldeportes.com.ar\/?p=3705"},"modified":"2025-01-28T22:18:31","modified_gmt":"2025-01-29T01:18:31","slug":"jovenes-deportistas-se-reunieron-con-el-intendente","status":"publish","type":"post","link":"https:\/\/cdnoticias.com\/index.php\/2021\/08\/19\/jovenes-deportistas-se-reunieron-con-el-intendente\/","title":{"rendered":"J\u00f3venes deportistas se reunieron con el Intendente"},"content":{"rendered":"<p>D\u00edas atr\u00e1s, Ezequiel Galli se reuni\u00f3 con j\u00f3venes deportistas olavarrienses que representan a la ciudad y el pa\u00eds en diferentes competencias.<!--more--><\/p>\n<hr \/>\n<p>Ludmila Posse, Lola S\u00e1nchez y Bruno Eyler mantuvieron contacto con Ezequiel Galli en los \u00faltimos d\u00edas donde pudieron hablar de la realidad deportiva y de los pr\u00f3ximos eventos que los tendr\u00e1n como representantes.<\/p>\n<p>&nbsp;<\/p>\n<p>\u201c<em>El deporte es todo para nosotros. Que ustedes puedan ser un reflejo para los m\u00e1s chicos y crecer, para nosotros es un orgullo cuando los olavarrienses nos representan en cualquier disciplina. Qu\u00e9 bueno tener grandes representantes del deporte<\/em>\u201d, dijo el intendente Ezequiel Galli en un encuentro que mantuvo con Lola S\u00e1nchez, Ludmila Posse y Bruno Eyler.<\/p>\n<p>&nbsp;<\/p>\n<p>Del mismo tambi\u00e9n participaron el secretario de Desarrollo Humano y Calidad de Vida Diego Robbiani, el subsecretario de Deportes y Recreaci\u00f3n Juan Agust\u00edn Galli, el director de Gesti\u00f3n Deportiva Marcelo Verna y el presidente del Honorable Concejo Deliberante Bruno Cenizo.<\/p>\n<p>&nbsp;<\/p>\n<p><img data-recalc-dims=\"1\" loading=\"lazy\" decoding=\"async\" class=\"aligncenter size-full wp-image-3706\" src=\"https:\/\/i0.wp.com\/centraldeportes.com.ar\/wp-content\/uploads\/2021\/08\/Deportes-Deportista-Olavarrienses-1-scaled.jpg?resize=800%2C535\" alt=\"\" width=\"800\" height=\"535\" \/><\/p>\n<p>&nbsp;<\/p>\n<p>Los j\u00f3venes deportistas -que se desempe\u00f1an en Tiro, Ciclismo y Canotaje- \u00a0dialogaron con los funcionarios acerca de su presente y de la preparaci\u00f3n que han tenido y tienen para formar parte de las Selecciones Argentinas de sus disciplinas.<\/p>\n<p>&nbsp;<\/p>\n<p>Lola S\u00e1nchez tiene 17 a\u00f1os y entrena de 4 a 5 horas por d\u00eda, varios d\u00edas por semana. Representa a Tiro Federal de Olavarr\u00eda y \u2013pese a tener edad juvenil\u2013 compite con mayores. Ha ganado numerosos torneos nacionales, fue Campeona Argentina Juvenil en carabina ol\u00edmpica y fue quinta en el Campeonato Sudamericano representando a nuestro pa\u00eds.<\/p>\n<p>&nbsp;<\/p>\n<p>Es convocada peri\u00f3dicamente por los t\u00e9cnicos de la Selecci\u00f3n Nacional, ya que est\u00e1 incluida en el plantel. Este a\u00f1o entren\u00f3 en burbujas junto a quienes representaron a Argentina en Tokio 2020.<\/p>\n<p>&nbsp;<\/p>\n<p>Ludmila Posse, por su parte, tiene 20 a\u00f1os y desde hace varios a\u00f1os est\u00e1 entre las mejores del pa\u00eds. En marzo de este a\u00f1o fue subcampeona nacional en Sub23 en La Rioja. En junio estuvo un par de semanas en Rafaela en una convocatoria de la Selecci\u00f3n Argentina y este mi\u00e9rcoles viaja de nuevo por 45 d\u00edas. El objetivo es el Argentino y los Juegos de la Juventud en Cali (Colombia) en noviembre.<\/p>\n<p>&nbsp;<\/p>\n<p>Bruno Eyler es representante de canotaje del Club Atl\u00e9tico Estudiantes. Por quinto a\u00f1o consecutivo fue convocado para formar parte de la Selecci\u00f3n Nacional de la disciplina. Cabe destacar que es el menor del grupo, con lo que da ventajas en la categor\u00eda. En 2020, fue convocado para representar al pa\u00eds en el Mundial de Hungr\u00eda. La pandemia suspendi\u00f3 las competencias, pero puede llegar a participar en cuanto se determine lugar y fecha porque, a\u00fan cuenta con la edad de la categor\u00eda. Es uno de los deportistas con nivel de \u00e9lite en el pa\u00eds y con proyecci\u00f3n internacional. Actualmente contin\u00faa su preparaci\u00f3n con el entrenador Santiago Ter\u00fa y monitoreado por los seleccionadores nacionales.<\/p>\n<p>&nbsp;<\/p>\n<p>\u201c<em>Ojal\u00e1 puedan seguir creciendo, cada cual en lo suyo, lo importante es tener diversidad y actores preponderantes en el deporte. Lo que viene generando el deporte de Olavarr\u00eda despu\u00e9s de a\u00f1os de entrenar y trabajar, es maravilloso. Estar hoy donde est\u00e1n, con expectativas de grandes cosas, me alegra un mont\u00f3n<\/em>\u201d, concluy\u00f3 el intendente Galli.<\/p>\n","protected":false},"excerpt":{"rendered":"<p>D\u00edas atr\u00e1s, Ezequiel Galli se reuni\u00f3 con j\u00f3venes deportistas olavarrienses que representan a la ciudad y el pa\u00eds en diferentes<\/p>\n","protected":false},"author":96739694,"featured_media":143330,"comment_status":"closed","ping_status":"closed","sticky":false,"template":"","format":"standard","meta":{"_jetpack_memberships_contains_paid_content":false,"footnotes":""},"categories":[30,1],"tags":[],"class_list":["post-141489","post","type-post","status-publish","format-standard","has-post-thumbnail","hentry","category-polideportivo","category-portada"],"jetpack_featured_media_url":"https:\/\/i0.wp.com\/cdnoticias.com\/wp-content\/uploads\/2021\/08\/Deportes-Deportista-Olavarrienses-2-scaled.jpg?fit=2560%2C1711&ssl=1","jetpack_sharing_enabled":true,"_links":{"self":[{"href":"https:\/\/cdnoticias.com\/index.php\/wp-json\/wp\/v2\/posts\/141489","targetHints":{"allow":["GET"]}}],"collection":[{"href":"https:\/\/cdnoticias.com\/index.php\/wp-json\/wp\/v2\/posts"}],"about":[{"href":"https:\/\/cdnoticias.com\/index.php\/wp-json\/wp\/v2\/types\/post"}],"author":[{"embeddable":true,"href":"https:\/\/cdnoticias.com\/index.php\/wp-json\/wp\/v2\/users\/96739694"}],"replies":[{"embeddable":true,"href":"https:\/\/cdnoticias.com\/index.php\/wp-json\/wp\/v2\/comments?post=141489"}],"version-history":[{"count":0,"href":"https:\/\/cdnoticias.com\/index.php\/wp-json\/wp\/v2\/posts\/141489\/revisions"}],"wp:featuredmedia":[{"embeddable":true,"href":"https:\/\/cdnoticias.com\/index.php\/wp-json\/wp\/v2\/media\/143330"}],"wp:attachment":[{"href":"https:\/\/cdnoticias.com\/index.php\/wp-json\/wp\/v2\/media?parent=141489"}],"wp:term":[{"taxonomy":"category","embeddable":true,"href":"https:\/\/cdnoticias.com\/index.php\/wp-json\/wp\/v2\/categories?post=141489"},{"taxonomy":"post_tag","embeddable":true,"href":"https:\/\/cdnoticias.com\/index.php\/wp-json\/wp\/v2\/tags?post=141489"}],"curies":[{"name":"wp","href":"https:\/\/api.w.org\/{rel}","templated":true}]}}