{"id":141484,"date":"2021-08-18T18:48:41","date_gmt":"2021-08-18T21:48:41","guid":{"rendered":"http:\/\/centraldeportes.com.ar\/?p=3648"},"modified":"2025-01-28T22:18:53","modified_gmt":"2025-01-29T01:18:53","slug":"agustin-bianchi-estamos-buscando-nuestra-mejor-version","status":"publish","type":"post","link":"https:\/\/cdnoticias.com\/index.php\/2021\/08\/18\/agustin-bianchi-estamos-buscando-nuestra-mejor-version\/","title":{"rendered":"Agust\u00edn Bianchi: \u201cEstamos buscando nuestra mejor versi\u00f3n\u201d"},"content":{"rendered":"<p>A d\u00edas de que comience una nueva edici\u00f3n del Torneo Provincial de Clubes, el entrenador de Pueblo Nuevo analiz\u00f3 c\u00f3mo llega su equipo para el debut frente a Racing, tambi\u00e9n habl\u00f3 sobre los refuerzos y sobre la zona de competencia.<\/p>\n<p><!--more--><\/p>\n<hr \/>\n<p>Este viernes 20 de agosto se pondr\u00e1 en marcha una nueva temporada del provincial que tiene como protagonistas a dos clubes de la ciudad de Olavarr\u00eda,\u00a0 como el caso de Pueblo Nuevo y Racing, que estar\u00e1n compartiendo grupo con Independiente de Tandil, Alvarado y Smata ambos de Mar del Plata.<\/p>\n<p>&nbsp;<\/p>\n<blockquote><p>\u201cEstamos en un proceso de construcci\u00f3n del equipo, buscando la manera y la forma de conocernos dentro de la cancha para lograr un buen rendimiento y llegar de la mejor manera posible\u201d, sintetiz\u00f3 el entrenador del \u201clobo\u201d.<\/p><\/blockquote>\n<p>&nbsp;<\/p>\n<p>Respecto al armado del plantel, Bianchi se refiri\u00f3 a los refuerzos que llegaron y agreg\u00f3: \u201cTuvimos la posibilidad de sumar a Mart\u00edn Santana, que nosotros ya cont\u00e1bamos con su hermano Mat\u00edas; est\u00e1bamos buscando un base que se encargara de comandar al equipo y lo pudimos lograr con \u00e9l. Hemos sumado a Gast\u00f3n Di Salvo, tambi\u00e9n a Dari\u00e1n Am\u00e9rico que llega del \u00e1mbito local, lo conozco mucho y nos puede dar soluciones en lo defensivo y a nivel intensidad porque f\u00edsicamente es muy bueno\u201d y en las \u00faltimas horas se confirm\u00f3 que Juan Segundo Menna arregl\u00f3 condiciones con el &#8220;lobo&#8221; y se sumar\u00e1 al plantel.<\/p>\n<p>&nbsp;<\/p>\n<p>A su vez, el t\u00e9cnico \u201calbiverde\u201d realiz\u00f3 un an\u00e1lisis sobre la zona que les toc\u00f3 en la competencia y dijo: \u201cEsta claro que todos los partidos van a ser dur\u00edsimos. Es un torneo que todos se preparan para competir y econ\u00f3micamente hay algunos equipos que est\u00e1n mejores que nosotros. Por lo pronto nos enfrentamos a un Racing que tiene jugadores de mucha jerarqu\u00eda, como el caso de Nicol\u00e1s Lorenzo que lo tuvimos en nuestro equipo el Provincial pasado, tambi\u00e9n Mart\u00edn Delgado que es un referente no s\u00f3lo de la categor\u00eda sino del b\u00e1squet zonal y provincial. Ser\u00e1 un lindo desaf\u00edo para ver si nosotros estamos a la altura como equipo por eso estamos buscando nuestra mejor versi\u00f3n\u201d.<\/p>\n<p>&nbsp;<\/p>\n<p><img data-recalc-dims=\"1\" loading=\"lazy\" decoding=\"async\" class=\"aligncenter size-full wp-image-3673\" src=\"https:\/\/i0.wp.com\/centraldeportes.com.ar\/wp-content\/uploads\/2021\/08\/WhatsApp-Image-2021-08-18-at-19.51.09.jpeg?resize=800%2C602\" alt=\"\" width=\"800\" height=\"602\" \/><\/p>\n<p>&nbsp;<\/p>\n<p>Por su parte Agust\u00edn cont\u00f3 las sensaciones que le quedaron luego de la suspensi\u00f3n del Torneo Provincial 2019-20, donde el \u201clobo\u201d tuvo la chance de eliminar a Blanco y Negro de Coronel Suarez y acceder a los cuartos de final: \u201cNos qued\u00f3 un sabor agridulce porque ten\u00edamos la posibilidad de hacer las cosas bien. Est\u00e1bamos encaminados, hab\u00edamos ganado el primer partido de los playoff y despu\u00e9s se par\u00f3 todo. En ese momento cont\u00e1bamos con un equipo de jugadores experimentados y la incertidumbre que hab\u00eda a nivel social y epidemiol\u00f3gico termin\u00f3 desgast\u00e1ndonos\u201d.<\/p>\n<p>&nbsp;<\/p>\n<p>\u201cEsperamos a toda la gente que le gusta el b\u00e1squet y que est\u00e1 necesitada de ver deporte ahora que est\u00e1 habilitado el tema del p\u00fablico, que se puedan acercar a acompa\u00f1arnos a nosotros, a Racing tambi\u00e9n y al b\u00e1squet en general que lo necesitamos tanto en el torneo de primera como en el provincial de clubes\u201d, finaliz\u00f3 el DT de Pueblo Nuevo.<\/p>\n","protected":false},"excerpt":{"rendered":"<p>A d\u00edas de que comience una nueva edici\u00f3n del Torneo Provincial de Clubes, el entrenador de Pueblo Nuevo analiz\u00f3 c\u00f3mo<\/p>\n","protected":false},"author":96739694,"featured_media":143339,"comment_status":"closed","ping_status":"closed","sticky":false,"template":"","format":"standard","meta":{"_jetpack_memberships_contains_paid_content":false,"footnotes":""},"categories":[31,1,60],"tags":[],"class_list":["post-141484","post","type-post","status-publish","format-standard","has-post-thumbnail","hentry","category-basquet","category-portada","category-torneo-pre-federal"],"jetpack_featured_media_url":"https:\/\/i0.wp.com\/cdnoticias.com\/wp-content\/uploads\/2021\/08\/bianchi.png?fit=800%2C445&ssl=1","jetpack_sharing_enabled":true,"_links":{"self":[{"href":"https:\/\/cdnoticias.com\/index.php\/wp-json\/wp\/v2\/posts\/141484","targetHints":{"allow":["GET"]}}],"collection":[{"href":"https:\/\/cdnoticias.com\/index.php\/wp-json\/wp\/v2\/posts"}],"about":[{"href":"https:\/\/cdnoticias.com\/index.php\/wp-json\/wp\/v2\/types\/post"}],"author":[{"embeddable":true,"href":"https:\/\/cdnoticias.com\/index.php\/wp-json\/wp\/v2\/users\/96739694"}],"replies":[{"embeddable":true,"href":"https:\/\/cdnoticias.com\/index.php\/wp-json\/wp\/v2\/comments?post=141484"}],"version-history":[{"count":0,"href":"https:\/\/cdnoticias.com\/index.php\/wp-json\/wp\/v2\/posts\/141484\/revisions"}],"wp:featuredmedia":[{"embeddable":true,"href":"https:\/\/cdnoticias.com\/index.php\/wp-json\/wp\/v2\/media\/143339"}],"wp:attachment":[{"href":"https:\/\/cdnoticias.com\/index.php\/wp-json\/wp\/v2\/media?parent=141484"}],"wp:term":[{"taxonomy":"category","embeddable":true,"href":"https:\/\/cdnoticias.com\/index.php\/wp-json\/wp\/v2\/categories?post=141484"},{"taxonomy":"post_tag","embeddable":true,"href":"https:\/\/cdnoticias.com\/index.php\/wp-json\/wp\/v2\/tags?post=141484"}],"curies":[{"name":"wp","href":"https:\/\/api.w.org\/{rel}","templated":true}]}}