{"id":141479,"date":"2021-08-17T17:10:46","date_gmt":"2021-08-17T20:10:46","guid":{"rendered":"http:\/\/centraldeportes.com.ar\/?p=3606"},"modified":"2025-01-28T22:11:04","modified_gmt":"2025-01-29T01:11:04","slug":"mateo-macrini-tuvo-su-debut-en-perfora","status":"publish","type":"post","link":"https:\/\/cdnoticias.com\/index.php\/2021\/08\/17\/mateo-macrini-tuvo-su-debut-en-perfora\/","title":{"rendered":"Mateo Macrini tuvo su debut en P\u00e9rfora"},"content":{"rendered":"<p>El jugador olavarriense debut\u00f3 el pasado fin de semana en el Torneo de Neuqu\u00e9n, a pocos d\u00edas de haber llegado a Plaza Huincul para defender los colores de P\u00e9rfora.<!--more--><\/p>\n<hr \/>\n<p>Mateo Macrini que surgi\u00f3 en las inferiores de El Fort\u00edn y registra un pasado inmediato en Racing viaj\u00f3 a Neuqu\u00e9n donde entrenar\u00e1 en P\u00e9rfora con vistas de poder quedar entre los jugadores del venidero Torneo Federal.<\/p>\n<p>&nbsp;<\/p>\n<p>El debut para el olavarriense con P\u00e9rfora fue el pasado s\u00e1bado en la visita a Club Plottier.<\/p>\n","protected":false},"excerpt":{"rendered":"<p>El jugador olavarriense debut\u00f3 el pasado fin de semana en el Torneo de Neuqu\u00e9n, a pocos d\u00edas de haber llegado<\/p>\n","protected":false},"author":96739694,"featured_media":143256,"comment_status":"closed","ping_status":"closed","sticky":false,"template":"","format":"standard","meta":{"_jetpack_memberships_contains_paid_content":false,"footnotes":""},"categories":[31,1],"tags":[],"class_list":["post-141479","post","type-post","status-publish","format-standard","has-post-thumbnail","hentry","category-basquet","category-portada"],"jetpack_featured_media_url":"https:\/\/i0.wp.com\/cdnoticias.com\/wp-content\/uploads\/2021\/08\/226735526_10227872021292573_1015120482599016133_n-e1629231032628.jpg?fit=755%2C691&ssl=1","jetpack_sharing_enabled":true,"_links":{"self":[{"href":"https:\/\/cdnoticias.com\/index.php\/wp-json\/wp\/v2\/posts\/141479","targetHints":{"allow":["GET"]}}],"collection":[{"href":"https:\/\/cdnoticias.com\/index.php\/wp-json\/wp\/v2\/posts"}],"about":[{"href":"https:\/\/cdnoticias.com\/index.php\/wp-json\/wp\/v2\/types\/post"}],"author":[{"embeddable":true,"href":"https:\/\/cdnoticias.com\/index.php\/wp-json\/wp\/v2\/users\/96739694"}],"replies":[{"embeddable":true,"href":"https:\/\/cdnoticias.com\/index.php\/wp-json\/wp\/v2\/comments?post=141479"}],"version-history":[{"count":0,"href":"https:\/\/cdnoticias.com\/index.php\/wp-json\/wp\/v2\/posts\/141479\/revisions"}],"wp:featuredmedia":[{"embeddable":true,"href":"https:\/\/cdnoticias.com\/index.php\/wp-json\/wp\/v2\/media\/143256"}],"wp:attachment":[{"href":"https:\/\/cdnoticias.com\/index.php\/wp-json\/wp\/v2\/media?parent=141479"}],"wp:term":[{"taxonomy":"category","embeddable":true,"href":"https:\/\/cdnoticias.com\/index.php\/wp-json\/wp\/v2\/categories?post=141479"},{"taxonomy":"post_tag","embeddable":true,"href":"https:\/\/cdnoticias.com\/index.php\/wp-json\/wp\/v2\/tags?post=141479"}],"curies":[{"name":"wp","href":"https:\/\/api.w.org\/{rel}","templated":true}]}}