{"id":141475,"date":"2021-08-16T22:16:49","date_gmt":"2021-08-17T01:16:49","guid":{"rendered":"http:\/\/centraldeportes.com.ar\/?p=3574"},"modified":"2025-01-28T22:11:11","modified_gmt":"2025-01-29T01:11:11","slug":"me-cuesta-disfrutar-de-mis-resultados-la-insatisfaccion-me-obliga-siempre-a-ir-por-mas","status":"publish","type":"post","link":"https:\/\/cdnoticias.com\/index.php\/2021\/08\/16\/me-cuesta-disfrutar-de-mis-resultados-la-insatisfaccion-me-obliga-siempre-a-ir-por-mas\/","title":{"rendered":"\u201cMe cuesta disfrutar de mis resultados, la insatisfacci\u00f3n me obliga siempre a ir por m\u00e1s\u201d"},"content":{"rendered":"<p>Fueron algunas de las primeras palabras de Agust\u00edn Vernice en conferencia de prensa tras el recibimiento que le organiz\u00f3 el <a href=\"http:\/\/centraldeportes.com.ar\/volvi-despues-de-cuatro-meses-y-me-encanta-hacerlo-me-da-ganas-de-seguir\/\">Club Estudiantes<\/a> tras su participaci\u00f3n en los Juegos Ol\u00edmpicos de Tokio.<!--more--><\/p>\n<hr \/>\n<p>La conferencia de prensa donde se encontraba el restaurante \u201cBataraz\u201d cont\u00f3 con la presencia del intendente Ezequiel Galli y Emilio Incaurgarat en representaci\u00f3n del club que lo vio nacer, aunque \u201c<em>no he podido hacer que se lleven bien mi estad\u00eda en Olavarr\u00eda y el alto rendimiento, porque cuando estoy ac\u00e1 es mi esparcimiento<\/em>\u201d.<\/p>\n<p>&nbsp;<\/p>\n<p>Sin embargo, a pesar de sus dificultades para entrenar en el arroyo \u201c<em>que me trae un mont\u00f3n de recuerdos<\/em>\u201d, siempre decide regresar a la ciudad y al igual que cuando se consagr\u00f3 campe\u00f3n panamericano, Vernice fue recibido por la comunidad y los deportistas del \u201cBataraz\u201d y sobre ello opin\u00f3: \u201c<strong><em>No tengo palabras para transmitir la felicidad que me da tanto afecto, es felicidad plena, la medalla es ambici\u00f3n, pero esto adem\u00e1s de orgullo es una responsabilidad, la responsabilidad de transmitir buenos valores<\/em><\/strong>\u201d.<\/p>\n<p>&nbsp;<\/p>\n<blockquote><p>\u201cPoder transmitir algo es una satisfacci\u00f3n incre\u00edble\u201d<\/p><\/blockquote>\n<p>&nbsp;<\/p>\n<p>Agust\u00edn Vernice tambi\u00e9n resumi\u00f3 lo que fueron estos a\u00f1os de preparaci\u00f3n para los Juegos Ol\u00edmpicos y su participaci\u00f3n en la m\u00e1xima cita del deporte mundial: \u201c<em>El 2020 fue ca\u00f3tico, estuvo la pandemia y el juicio al Comit\u00e9 Ol\u00edmpico Argentino por mi plaza por parte de Francia, pero eso me llev\u00f3 a prepararme de diferente manera y ahora me siento preparado para competirle a cualquiera<\/em>\u201d.<\/p>\n<p>&nbsp;<\/p>\n\n<p>&nbsp;<\/p>\n<p>\u201c<em>Llegu\u00e9 a Tokio con muchas ganas e inseguridades, ten\u00eda la incertidumbre de lo que iba a pasar, de c\u00f3mo iba a reaccionar porque era realmente importante para m\u00ed<\/em>\u201d, dijo el \u00fanico deportista sudamericano en la definici\u00f3n de la prueba K1 1000m donde tambi\u00e9n destac\u00f3: \u201c<strong><em>ahora tomo mucho mejor el resultado y estoy orgulloso del proceso, no tiene sentido seguir haciendo an\u00e1lisis<\/em><\/strong>\u201d.<\/p>\n<p>&nbsp;<\/p>\n<p>El palista que cont\u00f3 que logr\u00f3 batir el r\u00e9cord del mundo -al igual que varios de los otros deportistas de la final ol\u00edmpica- afirm\u00f3 que \u201c<strong><em>me cuesta disfrutar de mis resultados, la insatisfacci\u00f3n me obliga siempre a ir por m\u00e1s pero yo quiero ganar en lo que sea y si el d\u00eda de ma\u00f1ana encuentro algo superador voy a cambiar<\/em><\/strong>\u201d.<\/p>\n<p>&nbsp;<\/p>\n<blockquote><p>\u201cTengo mucho para dar a\u00fan en el K1, no fue esto el final\u201d<\/p><\/blockquote>\n<p>&nbsp;<\/p>\n<p>Pero as\u00ed como es cr\u00edtico en cuanto las actuaciones personales, Vernice critic\u00f3 a los diferentes representantes gubernamentales: \u201c<em>Vienen prometiendo una pista en condiciones desde hace d\u00e9cadas y estamos muy lejos del nivel europeo, pero la pol\u00edtica deportiva tiene que ir m\u00e1s all\u00e1 de una medalla. A m\u00ed el deporte me cambi\u00f3 la vida y me gustar\u00eda que m\u00e1s chicos tengan esa posibilidad<\/em>\u201d.<\/p>\n<p>&nbsp;<\/p>\n<p>\u201c<em>El apoyo discontinuo, que no haya un Ministerio y la falta de deporte, educaci\u00f3n y salud no se va a ver en m\u00ed, sino en los pr\u00f3ximos Juegos Ol\u00edmpicos y con m\u00e1s atenci\u00f3n en los otros que vengan<\/em>\u201d, sentenci\u00f3 el olavarriense, el octavo mejor palista del mundo que ahora tendr\u00e1 m\u00e1s de un mes de vacaciones.<\/p>\n","protected":false},"excerpt":{"rendered":"<p>Fueron algunas de las primeras palabras de Agust\u00edn Vernice en conferencia de prensa tras el recibimiento que le organiz\u00f3 el<\/p>\n","protected":false},"author":96739694,"featured_media":143264,"comment_status":"closed","ping_status":"closed","sticky":false,"template":"","format":"standard","meta":{"_jetpack_memberships_contains_paid_content":false,"footnotes":""},"categories":[30,1],"tags":[],"class_list":["post-141475","post","type-post","status-publish","format-standard","has-post-thumbnail","hentry","category-polideportivo","category-portada"],"jetpack_featured_media_url":"https:\/\/i0.wp.com\/cdnoticias.com\/wp-content\/uploads\/2021\/08\/conferenciavernice-1.png?fit=1280%2C853&ssl=1","jetpack_sharing_enabled":true,"_links":{"self":[{"href":"https:\/\/cdnoticias.com\/index.php\/wp-json\/wp\/v2\/posts\/141475","targetHints":{"allow":["GET"]}}],"collection":[{"href":"https:\/\/cdnoticias.com\/index.php\/wp-json\/wp\/v2\/posts"}],"about":[{"href":"https:\/\/cdnoticias.com\/index.php\/wp-json\/wp\/v2\/types\/post"}],"author":[{"embeddable":true,"href":"https:\/\/cdnoticias.com\/index.php\/wp-json\/wp\/v2\/users\/96739694"}],"replies":[{"embeddable":true,"href":"https:\/\/cdnoticias.com\/index.php\/wp-json\/wp\/v2\/comments?post=141475"}],"version-history":[{"count":0,"href":"https:\/\/cdnoticias.com\/index.php\/wp-json\/wp\/v2\/posts\/141475\/revisions"}],"wp:featuredmedia":[{"embeddable":true,"href":"https:\/\/cdnoticias.com\/index.php\/wp-json\/wp\/v2\/media\/143264"}],"wp:attachment":[{"href":"https:\/\/cdnoticias.com\/index.php\/wp-json\/wp\/v2\/media?parent=141475"}],"wp:term":[{"taxonomy":"category","embeddable":true,"href":"https:\/\/cdnoticias.com\/index.php\/wp-json\/wp\/v2\/categories?post=141475"},{"taxonomy":"post_tag","embeddable":true,"href":"https:\/\/cdnoticias.com\/index.php\/wp-json\/wp\/v2\/tags?post=141475"}],"curies":[{"name":"wp","href":"https:\/\/api.w.org\/{rel}","templated":true}]}}