{"id":141474,"date":"2021-08-16T20:55:02","date_gmt":"2021-08-16T23:55:02","guid":{"rendered":"http:\/\/centraldeportes.com.ar\/?p=3558"},"modified":"2021-08-16T20:55:02","modified_gmt":"2021-08-16T23:55:02","slug":"volvi-despues-de-cuatro-meses-y-me-encanta-hacerlo-me-da-ganas-de-seguir-2","status":"publish","type":"post","link":"https:\/\/cdnoticias.com\/index.php\/2021\/08\/16\/volvi-despues-de-cuatro-meses-y-me-encanta-hacerlo-me-da-ganas-de-seguir-2\/","title":{"rendered":"\u201cVolv\u00ed despu\u00e9s de cuatro meses y me encanta hacerlo, me da ganas de seguir\u201d"},"content":{"rendered":"<p>El palista olavarriense Agust\u00edn Vernice cont\u00f3 sus primeras sensaciones en un acto realizado en el Maxigimnasio del club Estudiantes. Recibi\u00f3 reconocimientos por parte del intendente Ezequiel Galli y el club que lo vio nacer.<\/p>\n<p><!--more--><\/p>\n<hr \/>\n<p>Tras meses de ausencia para prepararse y dar su m\u00e1ximo esfuerzo ni m\u00e1s ni menos que en los Juegos Ol\u00edmpicos, <a href=\"http:\/\/centraldeportes.com.ar\/ante-una-multitud-agustin-vernice-regreso-a-la-ciudad-tras-tokio-2020\/\">el regreso a la ciudad de Agust\u00edn Vernice fue a pura emoci\u00f3n:<\/a><strong> importante recibimiento, un Maxi del club Estudiantes con mucha gente que esperaba saludar, felicitar y estar cerca del atleta ol\u00edmpico y fuegos artificiales en el ingreso del Parque Guerrero para recibir a la caravana que lo acompa\u00f1\u00f3 desde uno de los ingresos de Olavarr\u00eda.<\/strong><\/p>\n<p>&nbsp;<\/p>\n<p>En di\u00e1logo con el locutor Marcelo Manolio, quien lo esperaba en un escenario montado en el Maxi, cont\u00f3 que \u201cvolv\u00ed despu\u00e9s de 4 meses y me encanta hacerlo, me da ganas de seguir&#8221; teniendo en cuenta todo lo que vendr\u00e1 para Vernice.<\/p>\n<p>&nbsp;<\/p>\n<p>[soliloquy slug=&#8221;vernice-inside&#8221;]<\/p>\n<p>&nbsp;<\/p>\n<p>Con respecto a representar a la ciudad junto con el periodista Jos\u00e9 Montesano y el futbolista Pedro \u201cPepo\u201d De la Vega, \u201cno hab\u00eda tenido la chance nunca de charlar con Pepo y en la Villa Ol\u00edmpica charlamos una hora\u201d aunque <strong>\u201cnos qued\u00f3 pendiente la foto incluyendo a Montesano. Ellos son un orgullo para m\u00ed&#8221;<\/strong>.<\/p>\n<p>&nbsp;<\/p>\n<blockquote><p>Su experiencia, en tanto, fue enriquecedora desde todos lados: \u201cQuer\u00eda sorprenderme de lo que era la Villa Ol\u00edmpica&#8221; y se\u00f1al\u00f3 las complicaciones al inicio de su participaci\u00f3n: \u201cEl debut fue duro, visualice un mill\u00f3n de veces las competencias&#8221;.<\/p><\/blockquote>\n<p>&nbsp;<\/p>\n<p>Finalmente y tras declarar que &#8220;me saqu\u00e9 una mochila importante despu\u00e9s de los Juegos Ol\u00edmpicos&#8221;, el palista recibi\u00f3 dos importantes distinciones: por un lado, <strong>el club Estudiantes lo declar\u00f3 como \u201cEmbajador Ol\u00edmpico\u201d y el Intendente Galli, por otra parte, le entreg\u00f3 una medalla y la bandera de Olavarr\u00eda<\/strong>: \u201cEn nombre de los olavarrienses gracias, estamos orgullosos de lo que has logrado sin importar el resultado porque hemos sido representados&#8221; dijo el jefe comunal.<\/p>\n<p>&nbsp;<\/p>\n","protected":false},"excerpt":{"rendered":"<p>El palista olavarriense Agust\u00edn Vernice cont\u00f3 sus primeras sensaciones en un acto realizado en el Maxigimnasio del club Estudiantes. Recibi\u00f3<\/p>\n","protected":false},"author":96739695,"featured_media":3560,"comment_status":"closed","ping_status":"closed","sticky":false,"template":"","format":"standard","meta":{"_jetpack_memberships_contains_paid_content":false,"footnotes":""},"categories":[30,1],"tags":[],"class_list":["post-141474","post","type-post","status-publish","format-standard","has-post-thumbnail","hentry","category-polideportivo","category-portada"],"jetpack_featured_media_url":"","jetpack_sharing_enabled":true,"_links":{"self":[{"href":"https:\/\/cdnoticias.com\/index.php\/wp-json\/wp\/v2\/posts\/141474","targetHints":{"allow":["GET"]}}],"collection":[{"href":"https:\/\/cdnoticias.com\/index.php\/wp-json\/wp\/v2\/posts"}],"about":[{"href":"https:\/\/cdnoticias.com\/index.php\/wp-json\/wp\/v2\/types\/post"}],"author":[{"embeddable":true,"href":"https:\/\/cdnoticias.com\/index.php\/wp-json\/wp\/v2\/users\/96739695"}],"replies":[{"embeddable":true,"href":"https:\/\/cdnoticias.com\/index.php\/wp-json\/wp\/v2\/comments?post=141474"}],"version-history":[{"count":0,"href":"https:\/\/cdnoticias.com\/index.php\/wp-json\/wp\/v2\/posts\/141474\/revisions"}],"wp:featuredmedia":[{"embeddable":true,"href":"https:\/\/cdnoticias.com\/index.php\/wp-json\/wp\/v2\/posts\/3560"}],"wp:attachment":[{"href":"https:\/\/cdnoticias.com\/index.php\/wp-json\/wp\/v2\/media?parent=141474"}],"wp:term":[{"taxonomy":"category","embeddable":true,"href":"https:\/\/cdnoticias.com\/index.php\/wp-json\/wp\/v2\/categories?post=141474"},{"taxonomy":"post_tag","embeddable":true,"href":"https:\/\/cdnoticias.com\/index.php\/wp-json\/wp\/v2\/tags?post=141474"}],"curies":[{"name":"wp","href":"https:\/\/api.w.org\/{rel}","templated":true}]}}