{"id":141473,"date":"2021-08-16T20:43:54","date_gmt":"2021-08-16T23:43:54","guid":{"rendered":"http:\/\/centraldeportes.com.ar\/?p=3544"},"modified":"2021-08-16T20:43:54","modified_gmt":"2021-08-16T23:43:54","slug":"ante-una-multitud-agustin-vernice-regreso-a-la-ciudad-tras-tokio-2020-2","status":"publish","type":"post","link":"https:\/\/cdnoticias.com\/index.php\/2021\/08\/16\/ante-una-multitud-agustin-vernice-regreso-a-la-ciudad-tras-tokio-2020-2\/","title":{"rendered":"Ante una multitud, Agust\u00edn Vernice regres\u00f3 a la ciudad tras Tokio 2020"},"content":{"rendered":"<p>Unas 200 personas lo esperaron en el ingreso a la ciudad, a la altura del puente Emiliozzi. En el club fue recibido por dirigentes encabezados por el intendente Galli.<\/p>\n<p><!--more--><\/p>\n<hr \/>\n<p>Este lunes feriado fue el d\u00eda del regreso tan esperado:<strong>\u00a0el olavarriense Agust\u00edn Vernice, tras su notable participaci\u00f3n en los Juegos Ol\u00edmpicos de Tokio 2020 regres\u00f3 a Olavarr\u00eda y fue recibido por una multitud.<\/strong><\/p>\n<p>&nbsp;<\/p>\n<p>[soliloquy slug=&#8221;vernice-outside&#8221;]<\/p>\n<p>&nbsp;<\/p>\n<blockquote><p>Alrededor de 200 personas se congregaron en el ingreso a la ciudad para saludar al atleta ol\u00edmpico, quien finaliz\u00f3 octavo en la final de la categor\u00eda K1 1000m de canotaje.<\/p><\/blockquote>\n<p>&nbsp;<\/p>\n<p>La caravana desde la ruta 226 y avenida Pringles, el palista fue acompa\u00f1ado con aplausos de los transe\u00fantes y bocinazos del medio centenar de autos que se dieron cita para la caravana que incluy\u00f3 camioneta de Bomberos Voluntarios y un pasaje por el centro local donde recibi\u00f3 m\u00e1s de una felicitaci\u00f3n.<\/p>\n<p>&nbsp;<\/p>\n<p>A la llegada al club donde lo vio nacer como deportista, Estudiantes de Olavarr\u00eda, fue recibido por fuegos artificiales y dirigentes de la entidad, de la Uni\u00f3n de Clubes, as\u00ed como tambi\u00e9n la presencia del<strong>\u00a0Intendente Municipal, Ezequiel Galli, el presidente del HCD y precandidato a concejal Bruno Cenizo, el titular del \u00e1rea de Deportes comunal, Juan Agust\u00edn Galli, entre otros.<\/strong><\/p>\n","protected":false},"excerpt":{"rendered":"<p>Unas 200 personas lo esperaron en el ingreso a la ciudad, a la altura del puente Emiliozzi. En el club<\/p>\n","protected":false},"author":96739695,"featured_media":0,"comment_status":"closed","ping_status":"closed","sticky":false,"template":"","format":"standard","meta":{"_jetpack_memberships_contains_paid_content":false,"footnotes":""},"categories":[30,1],"tags":[],"class_list":["post-141473","post","type-post","status-publish","format-standard","hentry","category-polideportivo","category-portada"],"jetpack_featured_media_url":"","jetpack_sharing_enabled":true,"_links":{"self":[{"href":"https:\/\/cdnoticias.com\/index.php\/wp-json\/wp\/v2\/posts\/141473","targetHints":{"allow":["GET"]}}],"collection":[{"href":"https:\/\/cdnoticias.com\/index.php\/wp-json\/wp\/v2\/posts"}],"about":[{"href":"https:\/\/cdnoticias.com\/index.php\/wp-json\/wp\/v2\/types\/post"}],"author":[{"embeddable":true,"href":"https:\/\/cdnoticias.com\/index.php\/wp-json\/wp\/v2\/users\/96739695"}],"replies":[{"embeddable":true,"href":"https:\/\/cdnoticias.com\/index.php\/wp-json\/wp\/v2\/comments?post=141473"}],"version-history":[{"count":0,"href":"https:\/\/cdnoticias.com\/index.php\/wp-json\/wp\/v2\/posts\/141473\/revisions"}],"wp:attachment":[{"href":"https:\/\/cdnoticias.com\/index.php\/wp-json\/wp\/v2\/media?parent=141473"}],"wp:term":[{"taxonomy":"category","embeddable":true,"href":"https:\/\/cdnoticias.com\/index.php\/wp-json\/wp\/v2\/categories?post=141473"},{"taxonomy":"post_tag","embeddable":true,"href":"https:\/\/cdnoticias.com\/index.php\/wp-json\/wp\/v2\/tags?post=141473"}],"curies":[{"name":"wp","href":"https:\/\/api.w.org\/{rel}","templated":true}]}}