{"id":141470,"date":"2021-08-16T16:23:48","date_gmt":"2021-08-16T19:23:48","guid":{"rendered":"http:\/\/centraldeportes.com.ar\/?p=3514"},"modified":"2025-01-28T22:11:46","modified_gmt":"2025-01-29T01:11:46","slug":"aprovecharon-el-finde-largo-para-realizar-encuentros","status":"publish","type":"post","link":"https:\/\/cdnoticias.com\/index.php\/2021\/08\/16\/aprovecharon-el-finde-largo-para-realizar-encuentros\/","title":{"rendered":"Aprovecharon el \u201cfinde\u201d largo para realizar encuentros"},"content":{"rendered":"<p>El f\u00fatbol infantil de diversas instituciones locales realiz\u00f3 encuentros amistosos durante el fin de semana largo. Hubo actividad en Estudiantes, El Fort\u00edn y Racing.<!--more--><\/p>\n<hr \/>\n<p>Entre s\u00e1bado y lunes, Estudiantes y El Fort\u00edn se enfrentaron amistosamente con los deportistas m\u00e1s peque\u00f1os. Primero fue en el campo de deportes del \u201cBataraz\u201d y luego en la cancha auxiliar de los \u201cFortineros\u201d.<\/p>\n<p>&nbsp;<\/p>\n<p>[soliloquy slug=&#8221;encuentro-peques&#8221;]<\/p>\n<p>&nbsp;<\/p>\n<p>Por otro lado, domingo y lunes hubo actividad en las canchas sint\u00e9ticas y la auxiliar del Parque Olavarr\u00eda donde Racing recibi\u00f3 a Ferro.<\/p>\n<p>&nbsp;<\/p>\n<p>El domingo jugaron las categor\u00edas 2010 y 2012 y este lunes jugaron los nacidos en 2013 y 2011.<\/p>\n","protected":false},"excerpt":{"rendered":"<p>El f\u00fatbol infantil de diversas instituciones locales realiz\u00f3 encuentros amistosos durante el fin de semana largo. Hubo actividad en Estudiantes,<\/p>\n","protected":false},"author":96739694,"featured_media":143274,"comment_status":"closed","ping_status":"closed","sticky":false,"template":"","format":"standard","meta":{"_jetpack_memberships_contains_paid_content":false,"footnotes":""},"categories":[35,40,1],"tags":[],"class_list":["post-141470","post","type-post","status-publish","format-standard","has-post-thumbnail","hentry","category-futbol","category-inferiores","category-portada"],"jetpack_featured_media_url":"https:\/\/i0.wp.com\/cdnoticias.com\/wp-content\/uploads\/2021\/08\/encuentropequesportada.png?fit=800%2C445&ssl=1","jetpack_sharing_enabled":true,"_links":{"self":[{"href":"https:\/\/cdnoticias.com\/index.php\/wp-json\/wp\/v2\/posts\/141470","targetHints":{"allow":["GET"]}}],"collection":[{"href":"https:\/\/cdnoticias.com\/index.php\/wp-json\/wp\/v2\/posts"}],"about":[{"href":"https:\/\/cdnoticias.com\/index.php\/wp-json\/wp\/v2\/types\/post"}],"author":[{"embeddable":true,"href":"https:\/\/cdnoticias.com\/index.php\/wp-json\/wp\/v2\/users\/96739694"}],"replies":[{"embeddable":true,"href":"https:\/\/cdnoticias.com\/index.php\/wp-json\/wp\/v2\/comments?post=141470"}],"version-history":[{"count":0,"href":"https:\/\/cdnoticias.com\/index.php\/wp-json\/wp\/v2\/posts\/141470\/revisions"}],"wp:featuredmedia":[{"embeddable":true,"href":"https:\/\/cdnoticias.com\/index.php\/wp-json\/wp\/v2\/media\/143274"}],"wp:attachment":[{"href":"https:\/\/cdnoticias.com\/index.php\/wp-json\/wp\/v2\/media?parent=141470"}],"wp:term":[{"taxonomy":"category","embeddable":true,"href":"https:\/\/cdnoticias.com\/index.php\/wp-json\/wp\/v2\/categories?post=141470"},{"taxonomy":"post_tag","embeddable":true,"href":"https:\/\/cdnoticias.com\/index.php\/wp-json\/wp\/v2\/tags?post=141470"}],"curies":[{"name":"wp","href":"https:\/\/api.w.org\/{rel}","templated":true}]}}