{"id":141462,"date":"2021-08-15T12:53:47","date_gmt":"2021-08-15T15:53:47","guid":{"rendered":"http:\/\/centraldeportes.com.ar\/?p=3439"},"modified":"2025-01-28T22:12:20","modified_gmt":"2025-01-29T01:12:20","slug":"dirigentes-olavarrienses-se-reunieron-con-el-presidente-de-la-afa","status":"publish","type":"post","link":"https:\/\/cdnoticias.com\/index.php\/2021\/08\/15\/dirigentes-olavarrienses-se-reunieron-con-el-presidente-de-la-afa\/","title":{"rendered":"Dirigentes olavarrienses se reunieron con el presidente de la AFA"},"content":{"rendered":"<p>Jos\u00e9 Vedelini, Fernando Di Carlo, Roberto Vidal y el ex vicepresidente de la Liga de F\u00fatbol de Olavarr\u00eda, Mario Patern\u00f3 viajaron a La Rioja donde se realiz\u00f3 una masiva reuni\u00f3n de apoyo a la conducci\u00f3n de la Asociaci\u00f3n de F\u00fatbol de Argentino. Estuvo presente Claudio Tapia.<!--more--><\/p>\n<hr \/>\n<p>Luego de casi un a\u00f1o y medio sin reuniones presenciales, cerca de 500 dirigentes representando a las 23 provincias del pa\u00eds se congregaron en la ciudad de La Rioja y hasta all\u00ed tambi\u00e9n llegaron Claudio Tapia y Pablo Toviggino que hablaron ante los presentes.<\/p>\n<p>&nbsp;<\/p>\n<p>La dirigencia del interior se congreg\u00f3 multitudinariamente para abordar diferentes tem\u00e1ticas relacionadas al retorno a la actividad y dar un mensaje de apoyo a la actual conducci\u00f3n. Asamble\u00edstas, delegados provinciales, representantes, presidentes de ligas, federaciones, clubes del ligas, Federal A y Primera Nacional y la plana mayor del Consejo Federal se hicieron presentes llegando a un total de casi 500 asistentes.<\/p>\n<p>&nbsp;<\/p>\n<p><img data-recalc-dims=\"1\" loading=\"lazy\" decoding=\"async\" class=\"aligncenter size-full wp-image-3443\" src=\"https:\/\/i0.wp.com\/centraldeportes.com.ar\/wp-content\/uploads\/2021\/08\/227581867_1214867155676787_1808526126299815221_n.jpg?resize=679%2C453\" alt=\"\" width=\"679\" height=\"453\" \/><\/p>\n<p>&nbsp;<\/p>\n<p>Tambi\u00e9n hubo una &#8220;invitada especial&#8221;: la Copa Am\u00e9rica. El trofeo conseguido por la Selecci\u00f3n Argentina hace un mes en Brasil fue llevado al c\u00f3nclave por Tapia y Toviggino.<\/p>\n<p>&nbsp;<\/p>\n<p>El mitin comenz\u00f3 minutos pasadas las 16hs y los encargados de dar el puntapi\u00e9 inicial con sus discursos fueron\u00a0los anfitriones que coincidieron de &#8220;defender lo logrado por el interior durante esta gesti\u00f3n y el lugar que ocupa&#8221;. Luego, tanto Tapia como Toviggino tomaron el micr\u00f3fono. El actual presidente de AFA, Claudio Tapia,\u00a0coment\u00f3: &#8220;<strong><em>Tenemos la obligaci\u00f3n de hacer un f\u00fatbol m\u00e1s federal y m\u00e1s participativo y vamos a hacer todos los cambios necesario para lograrlo<\/em><\/strong>&#8220;.<\/p>\n<p>&nbsp;<\/p>\n<p>Posteriormente,\u00a0el presidente del Consejo Federal, Pablo Toviggino,\u00a0hizo hincapi\u00e9 en que\u00a0la reuni\u00f3n demuestra un apoyo expl\u00edcito a la gesti\u00f3n: &#8220;<em>Nosotros fuimos lo que votamos esta gesti\u00f3n y el interior lo va a sostener y si alguien tiene alguna duda vamos a votar de nuevo y vamos a ganar de nuevo<\/em>&#8220;.<\/p>\n<p>&nbsp;<\/p>\n<p>Tambi\u00e9n manifest\u00f3 la necesidad de &#8220;<em>continuar con este modelo de conducci\u00f3n y seguir construyendo el crecimiento del f\u00fatbol del interior<\/em>&#8220;.<\/p>\n<p>&nbsp;<\/p>\n<p>Posteriormente se tocaron temas como el venidero Torneo Regional Amateur que \u201c<em><strong>a fines de noviembre o principios de diciembre estaremos jugando el Torneo Regional con el formato de torneo corto y por cercan\u00eda geogr\u00e1fica, igual al \u00faltimo disputado<\/strong><\/em>&#8220;, el crecimiento del f\u00fatbol femenino, el Torneo Federal A y el nivel del arbitraje en palabras de Sergio Pezzotta y el olavarriense Juan Pablo Pompei.<\/p>\n<p>&nbsp;<\/p>\n<p><img data-recalc-dims=\"1\" loading=\"lazy\" decoding=\"async\" class=\"aligncenter size-full wp-image-3441\" src=\"https:\/\/i0.wp.com\/centraldeportes.com.ar\/wp-content\/uploads\/2021\/08\/225547298_516075806143702_4973819495762803702_n.jpg?resize=506%2C314\" alt=\"\" width=\"506\" height=\"314\" \/><\/p>\n<p>&nbsp;<\/p>\n<p>Adem\u00e1s, resaltaron que se tomar\u00e1n como ligas homologadas las ligas que tienen la documentaci\u00f3n vigente hasta 2019. El n\u00famero de plazas para Ligas y Federaciones ser\u00e1 como el \u00faltimo torneo.<\/p>\n<p>&nbsp;<\/p>\n<p>Al multitudinario evento asistieron, en representaci\u00f3n de la Liga de F\u00fatbol de Olavarr\u00eda, Mario Patern\u00f3, Jos\u00e9 Vedelini, Fernando Di Carlo y Roberto Vidal que debieron cumplir con las medidas de prevenci\u00f3n y cuidados sanitarios y previamente debieron enviar su esquema de vacunaci\u00f3n.<\/p>\n","protected":false},"excerpt":{"rendered":"<p>Jos\u00e9 Vedelini, Fernando Di Carlo, Roberto Vidal y el ex vicepresidente de la Liga de F\u00fatbol de Olavarr\u00eda, Mario Patern\u00f3<\/p>\n","protected":false},"author":96739694,"featured_media":143294,"comment_status":"closed","ping_status":"closed","sticky":false,"template":"","format":"standard","meta":{"_jetpack_memberships_contains_paid_content":false,"footnotes":""},"categories":[35,1],"tags":[],"class_list":["post-141462","post","type-post","status-publish","format-standard","has-post-thumbnail","hentry","category-futbol","category-portada"],"jetpack_featured_media_url":"https:\/\/i0.wp.com\/cdnoticias.com\/wp-content\/uploads\/2021\/08\/reunion-afa.png?fit=800%2C445&ssl=1","jetpack_sharing_enabled":true,"_links":{"self":[{"href":"https:\/\/cdnoticias.com\/index.php\/wp-json\/wp\/v2\/posts\/141462","targetHints":{"allow":["GET"]}}],"collection":[{"href":"https:\/\/cdnoticias.com\/index.php\/wp-json\/wp\/v2\/posts"}],"about":[{"href":"https:\/\/cdnoticias.com\/index.php\/wp-json\/wp\/v2\/types\/post"}],"author":[{"embeddable":true,"href":"https:\/\/cdnoticias.com\/index.php\/wp-json\/wp\/v2\/users\/96739694"}],"replies":[{"embeddable":true,"href":"https:\/\/cdnoticias.com\/index.php\/wp-json\/wp\/v2\/comments?post=141462"}],"version-history":[{"count":0,"href":"https:\/\/cdnoticias.com\/index.php\/wp-json\/wp\/v2\/posts\/141462\/revisions"}],"wp:featuredmedia":[{"embeddable":true,"href":"https:\/\/cdnoticias.com\/index.php\/wp-json\/wp\/v2\/media\/143294"}],"wp:attachment":[{"href":"https:\/\/cdnoticias.com\/index.php\/wp-json\/wp\/v2\/media?parent=141462"}],"wp:term":[{"taxonomy":"category","embeddable":true,"href":"https:\/\/cdnoticias.com\/index.php\/wp-json\/wp\/v2\/categories?post=141462"},{"taxonomy":"post_tag","embeddable":true,"href":"https:\/\/cdnoticias.com\/index.php\/wp-json\/wp\/v2\/tags?post=141462"}],"curies":[{"name":"wp","href":"https:\/\/api.w.org\/{rel}","templated":true}]}}