{"id":141457,"date":"2021-08-14T15:25:21","date_gmt":"2021-08-14T18:25:21","guid":{"rendered":"http:\/\/centraldeportes.com.ar\/?p=3398"},"modified":"2025-01-28T22:12:37","modified_gmt":"2025-01-29T01:12:37","slug":"mas-olavarrienses-para-el-pincha","status":"publish","type":"post","link":"https:\/\/cdnoticias.com\/index.php\/2021\/08\/14\/mas-olavarrienses-para-el-pincha\/","title":{"rendered":"M\u00e1s olavarrienses para el \u201cPincha\u201d"},"content":{"rendered":"<p>Donato y Benjam\u00edn D\u00edaz tambi\u00e9n fueron seleccionados por el Departamento de Captaci\u00f3n del Club Estudiantes y se suman a los <a href=\"http:\/\/centraldeportes.com.ar\/mudanza-para-dos-chairas-jugaran-en-estudiantes\/\">2 futbolistas \u201cChairas\u201d<\/a> que formaran parte del club.<\/p>\n<p><!--more--><\/p>\n<hr \/>\n<p>Los jugadores surgidos en Loma Negra sortearon exitosamente las dos pruebas realizadas por el club \u201cPincha\u201d y el pasado viernes se oficializ\u00f3 su traspaso.<\/p>\n<p>&nbsp;<\/p>\n<p>Benjam\u00edn y Donato, son hermanos y arqueros y pasaran a formar parte de las categor\u00edas 2009 -Benjam\u00edn- y 2012 -Donato-.<\/p>\n<p>&nbsp;<\/p>\n<p>Los lomanegrenses se suman a las confirmaciones de Bruno Santell\u00e1n de la categor\u00eda 2009 y Sebasti\u00e1n Barreto de la 2006<\/p>\n","protected":false},"excerpt":{"rendered":"<p>Donato y Benjam\u00edn D\u00edaz tambi\u00e9n fueron seleccionados por el Departamento de Captaci\u00f3n del Club Estudiantes y se suman a los<\/p>\n","protected":false},"author":96739694,"featured_media":143307,"comment_status":"closed","ping_status":"closed","sticky":false,"template":"","format":"standard","meta":{"_jetpack_memberships_contains_paid_content":false,"footnotes":""},"categories":[35,40,1],"tags":[],"class_list":["post-141457","post","type-post","status-publish","format-standard","has-post-thumbnail","hentry","category-futbol","category-inferiores","category-portada"],"jetpack_featured_media_url":"https:\/\/i0.wp.com\/cdnoticias.com\/wp-content\/uploads\/2021\/08\/pruebaestudiantesportada2.png?fit=800%2C445&ssl=1","jetpack_sharing_enabled":true,"_links":{"self":[{"href":"https:\/\/cdnoticias.com\/index.php\/wp-json\/wp\/v2\/posts\/141457","targetHints":{"allow":["GET"]}}],"collection":[{"href":"https:\/\/cdnoticias.com\/index.php\/wp-json\/wp\/v2\/posts"}],"about":[{"href":"https:\/\/cdnoticias.com\/index.php\/wp-json\/wp\/v2\/types\/post"}],"author":[{"embeddable":true,"href":"https:\/\/cdnoticias.com\/index.php\/wp-json\/wp\/v2\/users\/96739694"}],"replies":[{"embeddable":true,"href":"https:\/\/cdnoticias.com\/index.php\/wp-json\/wp\/v2\/comments?post=141457"}],"version-history":[{"count":0,"href":"https:\/\/cdnoticias.com\/index.php\/wp-json\/wp\/v2\/posts\/141457\/revisions"}],"wp:featuredmedia":[{"embeddable":true,"href":"https:\/\/cdnoticias.com\/index.php\/wp-json\/wp\/v2\/media\/143307"}],"wp:attachment":[{"href":"https:\/\/cdnoticias.com\/index.php\/wp-json\/wp\/v2\/media?parent=141457"}],"wp:term":[{"taxonomy":"category","embeddable":true,"href":"https:\/\/cdnoticias.com\/index.php\/wp-json\/wp\/v2\/categories?post=141457"},{"taxonomy":"post_tag","embeddable":true,"href":"https:\/\/cdnoticias.com\/index.php\/wp-json\/wp\/v2\/tags?post=141457"}],"curies":[{"name":"wp","href":"https:\/\/api.w.org\/{rel}","templated":true}]}}