{"id":141455,"date":"2021-08-14T00:48:16","date_gmt":"2021-08-14T03:48:16","guid":{"rendered":"http:\/\/centraldeportes.com.ar\/?p=3388"},"modified":"2025-01-28T22:07:06","modified_gmt":"2025-01-29T01:07:06","slug":"trabajoso-triunfo-de-estudiantes-negro-en-su-regreso-a-la-competencia","status":"publish","type":"post","link":"https:\/\/cdnoticias.com\/index.php\/2021\/08\/14\/trabajoso-triunfo-de-estudiantes-negro-en-su-regreso-a-la-competencia\/","title":{"rendered":"Trabajoso triunfo de Estudiantes Negro en su regreso a la competencia"},"content":{"rendered":"<p>Por la tercera fecha del Torneo Oficial organizado por la Asociaci\u00f3n de B\u00e1squet de Olavarr\u00eda, Estudiantes Negro debi\u00f3 trabajar m\u00e1s de lo pensado para derrotar a El Fort\u00edn por 80 a 57.<!--more--><\/p>\n<hr \/>\n<p>Fue un partido parejo en t\u00e9rminos generales, El Fort\u00edn hizo un gran desgaste ante un rival que a priori se iba llevar una abultada conquista, pero el \u201cBataraz\u201d que tuvo el estreno de Federico Silveyra debi\u00f3 esperar hasta el \u00faltimo cuarto para lograr una diferencia tranquilizadora.<\/p>\n<p>&nbsp;<\/p>\n<p>Inici\u00f3 desprolijo el cotejo, Tom\u00e1s Baffo por un lado y el aporte goleador de Ignacio Aman y Facundo Alem por el otro marcaban los ataques de cada elenco, para cerrar los primeros 10 minutos con una leve diferencia a favor de la visita.<\/p>\n<p>&nbsp;<\/p>\n<p>Durante el segundo parcial, los guiados por Irineo Galli intensificaron la defensa, sacaron una decena de puntos de ventaja con una seguidilla de Atilio Borzi pero no los supieron mantener y con una gran reacci\u00f3n, los \u201cFortineros\u201d,\u00a0 lograron descontar antes del descanso largo.<\/p>\n<p>&nbsp;<\/p>\n<p>[soliloquy slug=&#8221;el-fortin-estudiantes-negro-primera&#8221;]<\/p>\n<p>&nbsp;<\/p>\n<p>El tercer periodo no tuvo demasiadas variantes, los visitantes forzaron en muchas situaciones y les cost\u00f3 convertir hasta que el \u201cGato\u201d fren\u00f3 las acciones y el \u201creto\u201d surgi\u00f3 efecto, porque aparecieron los triples de Santiago Aman y una racha de 10 a 0 para devolver la diferencia.<\/p>\n<p>&nbsp;<\/p>\n<p>Pero todo el esfuerzo de los dirigidos por Lancione empez\u00f3 a perecer cuando, obligados por faltas, debieron salir Aldo Alveza y Pablo Negretti, y los juveniles \u201cFortineros\u201d se volcaron a la ayuda de los jugadores grandes -Ignacio Aman, Thiago San Mart\u00edn y Facundo Alem- generando espacios y tiros c\u00f3modos a otros rivales -Shwab, S\u00e1nchez Savi y Ciano ingresado en los minutos finales- que sentenciaron la historia.<\/p>\n<p>S\u00edntesis El Fort\u00edn \u2013 Estudiantes Negro:<br \/>\nEstadio: Amadeo Bellingeri<br \/>\n\u00c1rbitro: Chantiri, A. y Reyes, A.<br \/>\n<strong>El Fort\u00edn (57): Negretti (5), Llantada (2), Baffo (26), Alveza (9), Naselli (0) -FI- Celiz (0), Wagner (0), Mesa (9), Garces (0), D\u00b4Amico (2), Olondo (4). DT- Diego Lancione<\/strong><br \/>\n<strong>Estudiantes Negro (80): Aman, S. (12), Aman, I. (13), Alem (13 ), Silveyra (2), Borzi (11) -FI- Shwab (10), Ciano (6), S\u00e1nchez Savi (5), Pay (0), Cura (0), San Mart\u00edn (8). DT- Irineo Galli<\/strong><br \/>\nParciales: 17 \u2013 24; 35 \u2013 41; 47 \u2013 56 y 57 \u2013 80.<\/p>\n","protected":false},"excerpt":{"rendered":"<p>Por la tercera fecha del Torneo Oficial organizado por la Asociaci\u00f3n de B\u00e1squet de Olavarr\u00eda, Estudiantes Negro debi\u00f3 trabajar m\u00e1s<\/p>\n","protected":false},"author":96739694,"featured_media":0,"comment_status":"closed","ping_status":"closed","sticky":false,"template":"","format":"standard","meta":{"_jetpack_memberships_contains_paid_content":false,"footnotes":""},"categories":[31,1,43],"tags":[],"class_list":["post-141455","post","type-post","status-publish","format-standard","hentry","category-basquet","category-portada","category-primera"],"jetpack_featured_media_url":"","jetpack_sharing_enabled":true,"_links":{"self":[{"href":"https:\/\/cdnoticias.com\/index.php\/wp-json\/wp\/v2\/posts\/141455","targetHints":{"allow":["GET"]}}],"collection":[{"href":"https:\/\/cdnoticias.com\/index.php\/wp-json\/wp\/v2\/posts"}],"about":[{"href":"https:\/\/cdnoticias.com\/index.php\/wp-json\/wp\/v2\/types\/post"}],"author":[{"embeddable":true,"href":"https:\/\/cdnoticias.com\/index.php\/wp-json\/wp\/v2\/users\/96739694"}],"replies":[{"embeddable":true,"href":"https:\/\/cdnoticias.com\/index.php\/wp-json\/wp\/v2\/comments?post=141455"}],"version-history":[{"count":0,"href":"https:\/\/cdnoticias.com\/index.php\/wp-json\/wp\/v2\/posts\/141455\/revisions"}],"wp:attachment":[{"href":"https:\/\/cdnoticias.com\/index.php\/wp-json\/wp\/v2\/media?parent=141455"}],"wp:term":[{"taxonomy":"category","embeddable":true,"href":"https:\/\/cdnoticias.com\/index.php\/wp-json\/wp\/v2\/categories?post=141455"},{"taxonomy":"post_tag","embeddable":true,"href":"https:\/\/cdnoticias.com\/index.php\/wp-json\/wp\/v2\/tags?post=141455"}],"curies":[{"name":"wp","href":"https:\/\/api.w.org\/{rel}","templated":true}]}}