{"id":141454,"date":"2021-08-13T19:21:13","date_gmt":"2021-08-13T22:21:13","guid":{"rendered":"http:\/\/centraldeportes.com.ar\/?p=3375"},"modified":"2025-01-28T22:07:07","modified_gmt":"2025-01-29T01:07:07","slug":"importante-iniciativa-de-un-grupo-de-fanaticos-del-boxeo-queremos-ayudar-al-deporte","status":"publish","type":"post","link":"https:\/\/cdnoticias.com\/index.php\/2021\/08\/13\/importante-iniciativa-de-un-grupo-de-fanaticos-del-boxeo-queremos-ayudar-al-deporte\/","title":{"rendered":"Importante iniciativa de un grupo de fan\u00e1ticos del boxeo: \u201cQueremos ayudar al deporte\u201d"},"content":{"rendered":"<p>Entre las muchas propuestas que la pandemia afect\u00f3, una fue un proyecto que naci\u00f3 para beneficio del boxeo. Se trata del \u201cGrupo de Apoyo al Boxeo de Olavarr\u00eda\u201d que busca de manera organizada y desde el \u00e1mbito privado, acompa\u00f1ar la tarea del Municipio de Olavarr\u00eda y la Comisi\u00f3n Municipal de Boxeo de Olavarr\u00eda.<\/p>\n<p><!--more--><\/p>\n<hr \/>\n<p>El referente del Grupo GABO es Juan Vitale y cont\u00f3 que \u201c<strong><em>la idea surgi\u00f3 de charlas con Marcelo Verna (director de Gesti\u00f3n Deportiva municipal). Estamos en plena etapa de volver a juntarnos y conformar una asociaci\u00f3n sin fines de lucro que se forme con amantes del boxeo para ayudar a nivel local con gimnasios, entrenadores y deportistas<\/em><\/strong>\u201d.<\/p>\n<p>&nbsp;<\/p>\n<p>\u201c<em><strong>Lo que intentaremos hacer desde ahora es buscar aportantes privados, y ayudar a que m\u00e1s cantidad se sumen al deporte, cubrir necesidades de profesionales, de los amateurs que ya tengan un recorrido de aquellos que veamos con ganas, disciplina y compromiso<\/strong><\/em>\u201d explic\u00f3 Vitale.<\/p>\n<p>&nbsp;<\/p>\n<p>Tal como dijo en marzo de 2020, quieren \u201c<em><strong>dar una mano, sabemos que el aporte del estado municipal es importante, vamos a trabajar en conjunto con ellos que nos van a asesorar. Hay que agregar gente que tenga ganas de aportar a un proyecto prolijo y es un sue\u00f1o que sea algo importante para el boxeo olavarriense<\/strong><\/em>\u201d.<\/p>\n<p>&nbsp;<\/p>\n<p>Fuente: Comisi\u00f3n Municipal de Boxeo<\/p>\n","protected":false},"excerpt":{"rendered":"<p>Entre las muchas propuestas que la pandemia afect\u00f3, una fue un proyecto que naci\u00f3 para beneficio del boxeo. Se trata<\/p>\n","protected":false},"author":96739694,"featured_media":142239,"comment_status":"closed","ping_status":"closed","sticky":false,"template":"","format":"standard","meta":{"_jetpack_memberships_contains_paid_content":false,"footnotes":""},"categories":[30,1],"tags":[],"class_list":["post-141454","post","type-post","status-publish","format-standard","has-post-thumbnail","hentry","category-polideportivo","category-portada"],"jetpack_featured_media_url":"https:\/\/i0.wp.com\/cdnoticias.com\/wp-content\/uploads\/2021\/06\/Deeportes-Entrega-Materiales-Box-1-1024x685.jpg?fit=1024%2C685&ssl=1","jetpack_sharing_enabled":true,"_links":{"self":[{"href":"https:\/\/cdnoticias.com\/index.php\/wp-json\/wp\/v2\/posts\/141454","targetHints":{"allow":["GET"]}}],"collection":[{"href":"https:\/\/cdnoticias.com\/index.php\/wp-json\/wp\/v2\/posts"}],"about":[{"href":"https:\/\/cdnoticias.com\/index.php\/wp-json\/wp\/v2\/types\/post"}],"author":[{"embeddable":true,"href":"https:\/\/cdnoticias.com\/index.php\/wp-json\/wp\/v2\/users\/96739694"}],"replies":[{"embeddable":true,"href":"https:\/\/cdnoticias.com\/index.php\/wp-json\/wp\/v2\/comments?post=141454"}],"version-history":[{"count":0,"href":"https:\/\/cdnoticias.com\/index.php\/wp-json\/wp\/v2\/posts\/141454\/revisions"}],"wp:featuredmedia":[{"embeddable":true,"href":"https:\/\/cdnoticias.com\/index.php\/wp-json\/wp\/v2\/media\/142239"}],"wp:attachment":[{"href":"https:\/\/cdnoticias.com\/index.php\/wp-json\/wp\/v2\/media?parent=141454"}],"wp:term":[{"taxonomy":"category","embeddable":true,"href":"https:\/\/cdnoticias.com\/index.php\/wp-json\/wp\/v2\/categories?post=141454"},{"taxonomy":"post_tag","embeddable":true,"href":"https:\/\/cdnoticias.com\/index.php\/wp-json\/wp\/v2\/tags?post=141454"}],"curies":[{"name":"wp","href":"https:\/\/api.w.org\/{rel}","templated":true}]}}