{"id":141453,"date":"2021-08-13T19:22:11","date_gmt":"2021-08-13T22:22:11","guid":{"rendered":"http:\/\/centraldeportes.com.ar\/?p=3373"},"modified":"2025-01-28T22:07:07","modified_gmt":"2025-01-29T01:07:07","slug":"la-copa-motovarria-ahora-comienza-para-las-damas","status":"publish","type":"post","link":"https:\/\/cdnoticias.com\/index.php\/2021\/08\/13\/la-copa-motovarria-ahora-comienza-para-las-damas\/","title":{"rendered":"La \u201cCopa Motovarr\u00eda\u201d ahora comienza para las Damas"},"content":{"rendered":"<p>El pr\u00f3ximo domingo dar\u00e1 comienzo un nuevo certamen para el v\u00f3ley olavarriense en el Minigimnasio de Estudiantes. Se jugar\u00e1 el primer Grand Prix de Primera Femenina de la \u201cCopa Motovarr\u00eda\u201d. Previo a eso, el s\u00e1bado habr\u00e1 acci\u00f3n el minivoley, promocional femenino e inferiores masculino.<!--more--><\/p>\n<hr \/>\n<p>El primer Grand Prix \u00a0de Primera Femenina de la \u201cCopa Motovarr\u00eda\u201d tendr\u00e1 lugar este domingo desde las 10:00 y contar\u00e1 con la participaci\u00f3n de 8 equipos: Pueblo Nuevo, Estudiantes, Racing, Union y Progreso de Tandil, Bahiense del Norte, Ciudad de Bol\u00edvar, Estudiantes de La Plata y Club Jun\u00edn.<\/p>\n<p>&nbsp;<\/p>\n<p>A diferencia de la Primera Divisi\u00f3n masculina, la competencia entre mujeres dar\u00e1 un campe\u00f3n en cada encuentro y en esta primera oportunidad jugar\u00e1n en el Minigimnasio del Parque Guerrero desde las 10:00.<\/p>\n<p>&nbsp;<\/p>\n<p>La programaci\u00f3n ser\u00e1:<\/p>\n<p>10hs \u2013 Estudiantes vs Racing \/\/ Pueblo Nuevo vs Club Ciudad de Bol\u00edvar<br \/>\n2\u00b0 turno \u2013 Club Jun\u00edn vs Uni\u00f3n y Progreso \/\/ Bahiense del Norte Estudiantes de La Plata<br \/>\n3\u00b0 turno \u2013 Estudiantes vs Club Jun\u00edn \/\/ Pueblo Nuevo vs Bahiense del Norte<br \/>\n4\u00b0 turno \u2013 Uni\u00f3n y Progreso vs Racing \/\/ Estudiantes de La Plata vs Club Ciudad de Bol\u00edvar<br \/>\n5\u00b0 turno \u2013 Estudiantes vs Uni\u00f3n y Progreso \/\/ Pueblo Nuevo vs Estudiantes de La Plata<br \/>\n6\u00b0 turno \u2013 Racing vs Club Jun\u00edn \/\/ Club Ciudad de Bol\u00edvar vs Bahiense del Norte<br \/>\n16:30 hs \u2013 2\u00b0A vs 2\u00b0B (3\u00b0 y 4\u00b0 puesto) \/\/ 4\u00b0A vs 4\u00b0B (7\u00b0 y 8\u00b0 puesto)<br \/>\n17:30 hs \u2013 1\u00b0A vs 1\u00b0B (Final) \/\/ 3\u00b0A vs 3\u00b0B (5\u00b0 y 6\u00b0 puesto)<\/p>\n<p>El s\u00e1bado tambi\u00e9n en Estudiantes tendr\u00e1n actividad en Minivoley, Promocional Femenino e Inferiores masculino.<\/p>\n","protected":false},"excerpt":{"rendered":"<p>El pr\u00f3ximo domingo dar\u00e1 comienzo un nuevo certamen para el v\u00f3ley olavarriense en el Minigimnasio de Estudiantes. Se jugar\u00e1 el<\/p>\n","protected":false},"author":96739694,"featured_media":0,"comment_status":"closed","ping_status":"closed","sticky":false,"template":"","format":"standard","meta":{"_jetpack_memberships_contains_paid_content":false,"footnotes":""},"categories":[30,1],"tags":[],"class_list":["post-141453","post","type-post","status-publish","format-standard","hentry","category-polideportivo","category-portada"],"jetpack_featured_media_url":"","jetpack_sharing_enabled":true,"_links":{"self":[{"href":"https:\/\/cdnoticias.com\/index.php\/wp-json\/wp\/v2\/posts\/141453","targetHints":{"allow":["GET"]}}],"collection":[{"href":"https:\/\/cdnoticias.com\/index.php\/wp-json\/wp\/v2\/posts"}],"about":[{"href":"https:\/\/cdnoticias.com\/index.php\/wp-json\/wp\/v2\/types\/post"}],"author":[{"embeddable":true,"href":"https:\/\/cdnoticias.com\/index.php\/wp-json\/wp\/v2\/users\/96739694"}],"replies":[{"embeddable":true,"href":"https:\/\/cdnoticias.com\/index.php\/wp-json\/wp\/v2\/comments?post=141453"}],"version-history":[{"count":0,"href":"https:\/\/cdnoticias.com\/index.php\/wp-json\/wp\/v2\/posts\/141453\/revisions"}],"wp:attachment":[{"href":"https:\/\/cdnoticias.com\/index.php\/wp-json\/wp\/v2\/media?parent=141453"}],"wp:term":[{"taxonomy":"category","embeddable":true,"href":"https:\/\/cdnoticias.com\/index.php\/wp-json\/wp\/v2\/categories?post=141453"},{"taxonomy":"post_tag","embeddable":true,"href":"https:\/\/cdnoticias.com\/index.php\/wp-json\/wp\/v2\/tags?post=141453"}],"curies":[{"name":"wp","href":"https:\/\/api.w.org\/{rel}","templated":true}]}}