{"id":141451,"date":"2021-08-13T17:12:08","date_gmt":"2021-08-13T20:12:08","guid":{"rendered":"http:\/\/centraldeportes.com.ar\/?p=3361"},"modified":"2025-01-28T22:07:12","modified_gmt":"2025-01-29T01:07:12","slug":"ahora-fue-el-turno-de-ruppel-de-competir-en-el-metropolitano","status":"publish","type":"post","link":"https:\/\/cdnoticias.com\/index.php\/2021\/08\/13\/ahora-fue-el-turno-de-ruppel-de-competir-en-el-metropolitano\/","title":{"rendered":"Ahora fue el turno de Ruppel de competir en el Metropolitano"},"content":{"rendered":"<p>El pasado viernes en el Parque Ol\u00edmpico de Buenos Aires, se present\u00f3 Delfina Ruppel en el Torneo Metropolitana de FeNaBa.<!--more--><\/p>\n<hr \/>\n<p>Luego de que Fernando Altamira lograra una destacada actuaci\u00f3n, fue el turno de una \u201cCarbonera\u201d representara a la entidad y en compa\u00f1\u00eda de Javier Laborde se present\u00f3 en el Torneo Metropolitano para la categor\u00eda Juveniles entre 16 y 18 a\u00f1os.<\/p>\n<p>&nbsp;<\/p>\n<p>En la competencia dijeron presente alrededor de 300 nadadores de toda la Provincia y la olavarriense compiti\u00f3 en los 100 metros espalda donde se ubic\u00f3 11\u00b0 con un tiempo de 1.13.62 y en los 100 metros pecho con 1.29.21 fue 16\u00b0.<\/p>\n","protected":false},"excerpt":{"rendered":"<p>El pasado viernes en el Parque Ol\u00edmpico de Buenos Aires, se present\u00f3 Delfina Ruppel en el Torneo Metropolitana de FeNaBa.<\/p>\n","protected":false},"author":96739694,"featured_media":143211,"comment_status":"closed","ping_status":"closed","sticky":false,"template":"","format":"standard","meta":{"_jetpack_memberships_contains_paid_content":false,"footnotes":""},"categories":[30,1],"tags":[],"class_list":["post-141451","post","type-post","status-publish","format-standard","has-post-thumbnail","hentry","category-polideportivo","category-portada"],"jetpack_featured_media_url":"https:\/\/i0.wp.com\/cdnoticias.com\/wp-content\/uploads\/2021\/08\/WhatsApp-Image-2021-08-08-at-12.40.51-e1628885520441.jpeg?fit=942%2C666&ssl=1","jetpack_sharing_enabled":true,"_links":{"self":[{"href":"https:\/\/cdnoticias.com\/index.php\/wp-json\/wp\/v2\/posts\/141451","targetHints":{"allow":["GET"]}}],"collection":[{"href":"https:\/\/cdnoticias.com\/index.php\/wp-json\/wp\/v2\/posts"}],"about":[{"href":"https:\/\/cdnoticias.com\/index.php\/wp-json\/wp\/v2\/types\/post"}],"author":[{"embeddable":true,"href":"https:\/\/cdnoticias.com\/index.php\/wp-json\/wp\/v2\/users\/96739694"}],"replies":[{"embeddable":true,"href":"https:\/\/cdnoticias.com\/index.php\/wp-json\/wp\/v2\/comments?post=141451"}],"version-history":[{"count":0,"href":"https:\/\/cdnoticias.com\/index.php\/wp-json\/wp\/v2\/posts\/141451\/revisions"}],"wp:featuredmedia":[{"embeddable":true,"href":"https:\/\/cdnoticias.com\/index.php\/wp-json\/wp\/v2\/media\/143211"}],"wp:attachment":[{"href":"https:\/\/cdnoticias.com\/index.php\/wp-json\/wp\/v2\/media?parent=141451"}],"wp:term":[{"taxonomy":"category","embeddable":true,"href":"https:\/\/cdnoticias.com\/index.php\/wp-json\/wp\/v2\/categories?post=141451"},{"taxonomy":"post_tag","embeddable":true,"href":"https:\/\/cdnoticias.com\/index.php\/wp-json\/wp\/v2\/tags?post=141451"}],"curies":[{"name":"wp","href":"https:\/\/api.w.org\/{rel}","templated":true}]}}