{"id":141441,"date":"2021-08-12T00:39:03","date_gmt":"2021-08-12T03:39:03","guid":{"rendered":"http:\/\/centraldeportes.com.ar\/?p=3304"},"modified":"2025-01-28T22:07:50","modified_gmt":"2025-01-29T01:07:50","slug":"paso-la-academia-mascherano-y-ahora-esta-boca","status":"publish","type":"post","link":"https:\/\/cdnoticias.com\/index.php\/2021\/08\/12\/paso-la-academia-mascherano-y-ahora-esta-boca\/","title":{"rendered":"Pas\u00f3 la Academia Mascherano y ahora est\u00e1 Boca"},"content":{"rendered":"<p>El pasado martes en instalaciones del Club Loma Negra se llev\u00f3 a cabo una prueba de futbolistas a cargo de la Academia Mascherano y este mi\u00e9rcoles comenzaron las jornadas del Departamento de Captaci\u00f3n de Boca.<!--more--><\/p>\n<hr \/>\n<p>Hasta la entidad \u201cCeleste\u201d llegaron alrededor de 200 futbolistas nacidos entre 2004 y 2009 para ser observados por Marcos Stella y Agust\u00edn Perujo parte del equipo de trabajo de la Academia Mascherano.<\/p>\n<p>&nbsp;<\/p>\n<p>[soliloquy slug=&#8221;prueba-boca&#8221;]<\/p>\n<p>&nbsp;<\/p>\n<p>Por otro lado, este mi\u00e9rcoles inici\u00f3 la captaci\u00f3n a cargo de Boca Junior; captaci\u00f3n que se extender\u00e1 hasta el viernes entre el 2006 y el 2012.<\/p>\n<p>&nbsp;<\/p>\n<p>Hasta el Buglione Martinese arribaron Roberto Pasucci y Emiliano Gallo en representaci\u00f3n del \u201cXeneize\u201d y m\u00e1s de 150 deportistas nacidos entre 2006 y 2008 que fueron observados y alentados por los captadores.<\/p>\n","protected":false},"excerpt":{"rendered":"<p>El pasado martes en instalaciones del Club Loma Negra se llev\u00f3 a cabo una prueba de futbolistas a cargo de<\/p>\n","protected":false},"author":96739694,"featured_media":143224,"comment_status":"closed","ping_status":"closed","sticky":false,"template":"","format":"standard","meta":{"_jetpack_memberships_contains_paid_content":false,"footnotes":""},"categories":[35,40,1],"tags":[],"class_list":["post-141441","post","type-post","status-publish","format-standard","has-post-thumbnail","hentry","category-futbol","category-inferiores","category-portada"],"jetpack_featured_media_url":"https:\/\/i0.wp.com\/cdnoticias.com\/wp-content\/uploads\/2021\/08\/portadapruebaboca.png?fit=800%2C445&ssl=1","jetpack_sharing_enabled":true,"_links":{"self":[{"href":"https:\/\/cdnoticias.com\/index.php\/wp-json\/wp\/v2\/posts\/141441","targetHints":{"allow":["GET"]}}],"collection":[{"href":"https:\/\/cdnoticias.com\/index.php\/wp-json\/wp\/v2\/posts"}],"about":[{"href":"https:\/\/cdnoticias.com\/index.php\/wp-json\/wp\/v2\/types\/post"}],"author":[{"embeddable":true,"href":"https:\/\/cdnoticias.com\/index.php\/wp-json\/wp\/v2\/users\/96739694"}],"replies":[{"embeddable":true,"href":"https:\/\/cdnoticias.com\/index.php\/wp-json\/wp\/v2\/comments?post=141441"}],"version-history":[{"count":0,"href":"https:\/\/cdnoticias.com\/index.php\/wp-json\/wp\/v2\/posts\/141441\/revisions"}],"wp:featuredmedia":[{"embeddable":true,"href":"https:\/\/cdnoticias.com\/index.php\/wp-json\/wp\/v2\/media\/143224"}],"wp:attachment":[{"href":"https:\/\/cdnoticias.com\/index.php\/wp-json\/wp\/v2\/media?parent=141441"}],"wp:term":[{"taxonomy":"category","embeddable":true,"href":"https:\/\/cdnoticias.com\/index.php\/wp-json\/wp\/v2\/categories?post=141441"},{"taxonomy":"post_tag","embeddable":true,"href":"https:\/\/cdnoticias.com\/index.php\/wp-json\/wp\/v2\/tags?post=141441"}],"curies":[{"name":"wp","href":"https:\/\/api.w.org\/{rel}","templated":true}]}}