{"id":141431,"date":"2021-08-09T20:52:24","date_gmt":"2021-08-09T23:52:24","guid":{"rendered":"http:\/\/centraldeportes.com.ar\/?p=3233"},"modified":"2025-01-28T00:10:08","modified_gmt":"2025-01-28T03:10:08","slug":"presentaron-un-proyecto-de-ordenanza-para-que-la-pista-de-atletismo-tenga-nombre","status":"publish","type":"post","link":"https:\/\/cdnoticias.com\/index.php\/2021\/08\/09\/presentaron-un-proyecto-de-ordenanza-para-que-la-pista-de-atletismo-tenga-nombre\/","title":{"rendered":"Presentaron un Proyecto de Ordenanza para que la pista de atletismo tenga nombre"},"content":{"rendered":"<p>El concejal Eduardo Rodr\u00edguez present\u00f3 este lunes un proyecto de ordenanza para que la pista municipal de atletismo pase a llamarse \u201cProfesor Ricardo C\u00e9sar \u201cPirata\u201d Vigo\u201d, reconocido atleta olavarriense que obtuvo destacados resultados a nivel nacional e internacional.<!--more--><\/p>\n<hr \/>\n<p>Desde el interbloque Frente de Todos, se present\u00f3 un nuevo proyecto al Honorable Concejo Deliberante para denominar a un espacio municipal con el nombre de un reconocido atleta. \u201cEl Pirata\u201d Vigo que se inici\u00f3 en atletismo de la mano del profesor de Educaci\u00f3n F\u00edsica Alcides Mario Michelini y trascendi\u00f3 con sus actuaciones a nivel nacional.<\/p>\n<p>&nbsp;<\/p>\n<p>El olavarriense durante su carrera deportiva gan\u00f3 todas las competencias en las Olimp\u00edadas Estudiantiles, batiendo ese mismo a\u00f1o los records de 400 y 800 en una misma jornada, a\u00fan vigentes y adem\u00e1s fue subcampe\u00f3n argentino en 400 metros, 800 y 4&#215;400 en el a\u00f1o 1976.<\/p>\n<p>&nbsp;<\/p>\n<p><img data-recalc-dims=\"1\" loading=\"lazy\" decoding=\"async\" class=\"aligncenter size-full wp-image-3243\" src=\"https:\/\/i0.wp.com\/centraldeportes.com.ar\/wp-content\/uploads\/2021\/08\/WhatsApp-Image-2021-08-09-at-20.26.52.jpeg?resize=794%2C496\" alt=\"\" width=\"794\" height=\"496\" \/><\/p>\n<p>&nbsp;<\/p>\n<p>Adem\u00e1s, un a\u00f1o antes fue nombrado por la Asociaci\u00f3n Marplatense de Atletismo como mejor velocista del a\u00f1o y tambi\u00e9n tuvo presentaciones en el \u00e1mbito internacional en representaci\u00f3n de la Selecci\u00f3n Argentina.<\/p>\n<p>&nbsp;<\/p>\n<p>A nivel local, \u201cEl Pirata\u201d recibi\u00f3 reconocimientos a trav\u00e9s del Club Estudiantes, El Fort\u00edn, Ferro Carril Sud y Loma Negra, como as\u00ed tambi\u00e9n de LU10 Radio Azul y de los integrantes de Deportes 32. Recibi\u00f3 el premio de la Biblioteca Mundial Deportiva, Don Alfredo Fortabat, de manos de su creador H\u00e9ctor Guffantti.<\/p>\n<p>&nbsp;<\/p>\n<p>Vigo fue Juez de Atletismo en Torneos Locales, Provinciales, Nacionales e Internacionales, como por ejemplo los Torneos Iberoamericanos en Mar del Plata 1994 y los Panamericanos del Mar del Plata 1995 como as\u00ed tambi\u00e9n integrante de la Asociaci\u00f3n Olavarriense de Atletismo, integr\u00f3 el Consejo Directivo de la Federaci\u00f3n Atl\u00e9tica de la Provincia de Buenos Aires, bajo la presidencia del Prof. Justo Rom\u00e1n, Rub\u00e9n Aguilera, Gabriel Mu\u00f1iz y Mar\u00eda Peralta y fue delegado de equipo argentino en el Campeonato Sudamericano de menores en Asunci\u00f3n Paraguay 1995, representando a la Confederaci\u00f3n Argentina de Atletismo.<\/p>\n<p>&nbsp;<\/p>\n<p><img data-recalc-dims=\"1\" loading=\"lazy\" decoding=\"async\" class=\"aligncenter size-large wp-image-1000\" src=\"https:\/\/i0.wp.com\/centraldeportes.com.ar\/wp-content\/uploads\/2021\/06\/Deportes-Entrega-Materiales-Pista-Atletismo-2-scaled-1024x684.jpg?resize=800%2C534\" alt=\"\" width=\"800\" height=\"534\" \/><\/p>\n<p>&nbsp;<\/p>\n<p>Entre tantos lauros, el tambi\u00e9n profesor de educaci\u00f3n f\u00edsica fue distinguido por la Direcci\u00f3n de Deportes Municipalidad de Olavarr\u00eda por el trabajo ad-honorem por m\u00e1s de 15 a\u00f1os en los Torneos Juveniles Bonaerenses y recibi\u00f3 el reconocimiento a las Trayectorias Deportivas, en el marco de los festejos del 147 Aniversario de la Ciudad de Olavarr\u00eda por lo que se solicit\u00f3 que se considere nombrar a la reciente inaugurada <a href=\"https:\/\/www.centraldenoticias.com.ar\/index.php\/2020\/12\/22\/con-una-carrera-que-gano-galli-quedo-inaugurada-la-pista-de-atletismo\/\">pista de atletismo<\/a>.<\/p>\n","protected":false},"excerpt":{"rendered":"<p>El concejal Eduardo Rodr\u00edguez present\u00f3 este lunes un proyecto de ordenanza para que la pista municipal de atletismo pase a<\/p>\n","protected":false},"author":96739694,"featured_media":143082,"comment_status":"closed","ping_status":"closed","sticky":false,"template":"","format":"standard","meta":{"_jetpack_memberships_contains_paid_content":false,"footnotes":""},"categories":[38,1],"tags":[],"class_list":["post-141431","post","type-post","status-publish","format-standard","has-post-thumbnail","hentry","category-pedestrismo","category-portada"],"jetpack_featured_media_url":"https:\/\/i0.wp.com\/cdnoticias.com\/wp-content\/uploads\/2021\/08\/Deportes-Pista-Atletismo-scaled-e1628553097919.jpg?fit=2432%2C1414&ssl=1","jetpack_sharing_enabled":true,"_links":{"self":[{"href":"https:\/\/cdnoticias.com\/index.php\/wp-json\/wp\/v2\/posts\/141431","targetHints":{"allow":["GET"]}}],"collection":[{"href":"https:\/\/cdnoticias.com\/index.php\/wp-json\/wp\/v2\/posts"}],"about":[{"href":"https:\/\/cdnoticias.com\/index.php\/wp-json\/wp\/v2\/types\/post"}],"author":[{"embeddable":true,"href":"https:\/\/cdnoticias.com\/index.php\/wp-json\/wp\/v2\/users\/96739694"}],"replies":[{"embeddable":true,"href":"https:\/\/cdnoticias.com\/index.php\/wp-json\/wp\/v2\/comments?post=141431"}],"version-history":[{"count":0,"href":"https:\/\/cdnoticias.com\/index.php\/wp-json\/wp\/v2\/posts\/141431\/revisions"}],"wp:featuredmedia":[{"embeddable":true,"href":"https:\/\/cdnoticias.com\/index.php\/wp-json\/wp\/v2\/media\/143082"}],"wp:attachment":[{"href":"https:\/\/cdnoticias.com\/index.php\/wp-json\/wp\/v2\/media?parent=141431"}],"wp:term":[{"taxonomy":"category","embeddable":true,"href":"https:\/\/cdnoticias.com\/index.php\/wp-json\/wp\/v2\/categories?post=141431"},{"taxonomy":"post_tag","embeddable":true,"href":"https:\/\/cdnoticias.com\/index.php\/wp-json\/wp\/v2\/tags?post=141431"}],"curies":[{"name":"wp","href":"https:\/\/api.w.org\/{rel}","templated":true}]}}