{"id":141427,"date":"2021-08-09T10:14:52","date_gmt":"2021-08-09T13:14:52","guid":{"rendered":"http:\/\/centraldeportes.com.ar\/?p=3211"},"modified":"2025-01-28T00:10:27","modified_gmt":"2025-01-28T03:10:27","slug":"gonzalo-andreasen-volvio-a-festejar-y-sus-pupilos-vieron-accion","status":"publish","type":"post","link":"https:\/\/cdnoticias.com\/index.php\/2021\/08\/09\/gonzalo-andreasen-volvio-a-festejar-y-sus-pupilos-vieron-accion\/","title":{"rendered":"Gonzalo Andreasen volvi\u00f3 a festejar y sus pupilos vieron acci\u00f3n"},"content":{"rendered":"<p>El pasado s\u00e1bado por la noche se realiz\u00f3 un festival de boxeo en la ciudad de Azul que tuvo como protagonistas a varios deportistas olavarrienses y en la pelea estelar de la velada fue triunfo de Gonzalo Andreasen por la v\u00eda r\u00e1pida. Adem\u00e1s hubo otras cuatro presentaciones locales.<\/p>\n<p><!--more--><\/p>\n<hr \/>\n<p>\u201cLa Pantera\u201d Andreasen derrot\u00f3 al saladillense Pablo Battista por KO T\u00e9cnico en el segundo round y sum\u00f3 su segunda victoria consecutiva para ubicarse 7\u00ba en el ranking nacional de la categor\u00eda Medio Pesado.<\/p>\n<p>&nbsp;<\/p>\n<p>Luego de pasar sin problemas el pesaje del pasado s\u00e1bado, Andreasen demostr\u00f3 un gran nivel logrando derribar en dos ocasiones durante el primer asalto a su rival y una en el segundo que deriv\u00f3 en el abandono cuando iba poco m\u00e1s de un minuto.<\/p>\n<p>&nbsp;<\/p>\n<p><img data-recalc-dims=\"1\" loading=\"lazy\" decoding=\"async\" class=\"aligncenter size-large wp-image-3213\" src=\"https:\/\/i0.wp.com\/centraldeportes.com.ar\/wp-content\/uploads\/2021\/08\/boxeoandreasen-1-1024x682.png?resize=800%2C533\" alt=\"\" width=\"800\" height=\"533\" \/><\/p>\n<p>&nbsp;<\/p>\n<p>El boxeador radicado en Olavarr\u00eda ostenta ahora un r\u00e9cord de 7 triunfos (6 por la v\u00eda r\u00e1pida) y 8 derrotas.<\/p>\n<p>&nbsp;<\/p>\n<p>Adem\u00e1s, en las peleas preliminares hubo triunfo en fallo un\u00e1nime para Alejandro Almeida, representante del Dojo Pantera ante Emilo Sosa de Azul. Gran debut del olavarriense de 18 a\u00f1os que fue superior durante los 3 rounds.<\/p>\n<p>&nbsp;<\/p>\n<p><img data-recalc-dims=\"1\" loading=\"lazy\" decoding=\"async\" class=\"aligncenter size-large wp-image-3214\" src=\"https:\/\/i0.wp.com\/centraldeportes.com.ar\/wp-content\/uploads\/2021\/08\/boxeoandreasen-2-1024x682.png?resize=800%2C533\" alt=\"\" width=\"800\" height=\"533\" \/><\/p>\n<p>&nbsp;<\/p>\n<p>No corri\u00f3 la misma suerte Ludmila Cort\u00e9s que en su regreso al ring cay\u00f3 en fallo dividido ante Eugenia Liberoti de Bragado. En, tal vez, la pelea m\u00e1s pareja de la noche, los jueces determinaron la derrota de la olavarriense.<\/p>\n<p>&nbsp;<\/p>\n<p>Por \u00faltimo, tambi\u00e9n hubo exhibiciones de deportistas locales que se inician en la disciplina. Se subieron al ring Nicol\u00e1s Gallardo del team Dojo Pantera y Franco Cejas, tambi\u00e9n del Dojo pero de la filial de Sierras Bayas y que es entrenado por Facundo Orellana.<\/p>\n<p>&nbsp;<\/p>\n<p><img data-recalc-dims=\"1\" loading=\"lazy\" decoding=\"async\" class=\"aligncenter size-large wp-image-3215\" src=\"https:\/\/i0.wp.com\/centraldeportes.com.ar\/wp-content\/uploads\/2021\/08\/boxeoandreasen-3-1024x682.png?resize=800%2C533\" alt=\"\" width=\"800\" height=\"533\" \/><\/p>\n","protected":false},"excerpt":{"rendered":"<p>El pasado s\u00e1bado por la noche se realiz\u00f3 un festival de boxeo en la ciudad de Azul que tuvo como<\/p>\n","protected":false},"author":96739694,"featured_media":143094,"comment_status":"closed","ping_status":"closed","sticky":false,"template":"","format":"standard","meta":{"_jetpack_memberships_contains_paid_content":false,"footnotes":""},"categories":[30,1],"tags":[],"class_list":["post-141427","post","type-post","status-publish","format-standard","has-post-thumbnail","hentry","category-polideportivo","category-portada"],"jetpack_featured_media_url":"https:\/\/i0.wp.com\/cdnoticias.com\/wp-content\/uploads\/2021\/08\/portadaandreasen.png?fit=800%2C445&ssl=1","jetpack_sharing_enabled":true,"_links":{"self":[{"href":"https:\/\/cdnoticias.com\/index.php\/wp-json\/wp\/v2\/posts\/141427","targetHints":{"allow":["GET"]}}],"collection":[{"href":"https:\/\/cdnoticias.com\/index.php\/wp-json\/wp\/v2\/posts"}],"about":[{"href":"https:\/\/cdnoticias.com\/index.php\/wp-json\/wp\/v2\/types\/post"}],"author":[{"embeddable":true,"href":"https:\/\/cdnoticias.com\/index.php\/wp-json\/wp\/v2\/users\/96739694"}],"replies":[{"embeddable":true,"href":"https:\/\/cdnoticias.com\/index.php\/wp-json\/wp\/v2\/comments?post=141427"}],"version-history":[{"count":0,"href":"https:\/\/cdnoticias.com\/index.php\/wp-json\/wp\/v2\/posts\/141427\/revisions"}],"wp:featuredmedia":[{"embeddable":true,"href":"https:\/\/cdnoticias.com\/index.php\/wp-json\/wp\/v2\/media\/143094"}],"wp:attachment":[{"href":"https:\/\/cdnoticias.com\/index.php\/wp-json\/wp\/v2\/media?parent=141427"}],"wp:term":[{"taxonomy":"category","embeddable":true,"href":"https:\/\/cdnoticias.com\/index.php\/wp-json\/wp\/v2\/categories?post=141427"},{"taxonomy":"post_tag","embeddable":true,"href":"https:\/\/cdnoticias.com\/index.php\/wp-json\/wp\/v2\/tags?post=141427"}],"curies":[{"name":"wp","href":"https:\/\/api.w.org\/{rel}","templated":true}]}}