{"id":141411,"date":"2021-08-07T11:19:25","date_gmt":"2021-08-07T14:19:25","guid":{"rendered":"http:\/\/centraldeportes.com.ar\/?p=3105"},"modified":"2021-08-07T11:19:25","modified_gmt":"2021-08-07T14:19:25","slug":"la-medalla-de-bronce-que-acaricio-a-olavarria-2","status":"publish","type":"post","link":"https:\/\/cdnoticias.com\/index.php\/2021\/08\/07\/la-medalla-de-bronce-que-acaricio-a-olavarria-2\/","title":{"rendered":"La medalla de bronce que \u201cacarici\u00f3\u201d a Olavarr\u00eda"},"content":{"rendered":"<p>En la madrugada de este s\u00e1bado, Argentina sum\u00f3 su tercera medalla en los Juegos Ol\u00edmpicos; fue el bronce de la selecci\u00f3n nacional de v\u00f3ley, con la peculiaridad que los relatos del olavarriense Jos\u00e9 \u201cMosquito\u201d Montesano emocionaron al pa\u00eds y alrededores que se hicieron eco de las apreciaciones del profesional.<!--more--><\/p>\n<hr \/>\n<p>Argentina venci\u00f3 3 a 2 a Brasil y se qued\u00f3 con la medalla de bronce en la competencia de v\u00f3ley, pero adem\u00e1s de la emoci\u00f3n misma de lograr una presea tras 33 a\u00f1os, el p\u00fablico se emocion\u00f3 con las palabras de Jos\u00e9 Montesano, oriundo de Olavarr\u00eda y desde hace much\u00edsimos a\u00f1os trabajando para la se\u00f1al de TyC Sports.<\/p>\n<p>&nbsp;<\/p>\n<p>Los relatados del olavarriense ya hab\u00edan llegado a propios extra\u00f1os con la clasificaci\u00f3n \u201calbiceleste\u201d, pero lograda la presea hubo incontables comentarios, memes y una emoci\u00f3n imposible de disimular en todas las redes sociales y recobr\u00f3 valor una nota publicada por Infobae varios d\u00edas atr\u00e1s.<\/p>\n<p>&nbsp;<\/p>\n<p>La nota completa sobre el consagrado periodista de Olavarr\u00eda: \u201cEl popular relator de v\u00f3ley y b\u00e1squet es una figura m\u00e1s de Tokio 2020. Querido por los jugadores y reconocido por el p\u00fablico, en 2016 tuvo que someterse a un agresivo tratamiento por un linfoma. La visi\u00f3n de su trabajo y de la vida en este momento de alegr\u00eda.<\/p>\n<p>&nbsp;<\/p>\n<p>Es que Montesano no es un relator m\u00e1s. Construy\u00f3 su popularidad desde sus primeros tiempos cubriendo f\u00fatbol, boxeo y b\u00e1squetbol en su Olavarr\u00eda natal y todos los que lo rodean en las transmisiones destacan su carisma, sencillez y sensibilidad para encontrar un lugar desde sus coberturas televisivas en el voleibol y el b\u00e1squetbol, y el cari\u00f1o creci\u00f3 cuando tras serle detectado un linfoma de Burkitt (c\u00e1ncer en los ganglios) tuvo que atravesar nueve meses de enfermedad e internaciones con siete quimioterapias y luego debi\u00f3 recluirse otra vez por la pandemia, y hace muy poco tiempo que regres\u00f3 a su actividad regular hasta vivir estos picos de emoci\u00f3n en los Juegos de Tokio.<\/p>\n<p>&nbsp;<\/p>\n<p>\u201c<strong><em>Siento que estoy en un tremendo momento, muy bueno -sostiene Montesano a Infobae desde Jap\u00f3n-. Es algo lindo, pero tambi\u00e9n lo sent\u00ed en R\u00edo de Janeiro en 2016. A m\u00ed, el ciclo ol\u00edmpico me enciende. Despu\u00e9s, mantengo una continuidad, lo que no se mantiene es el grado de visibilidad que tiene un Juego Ol\u00edmpico. Pero fundamentalmente lo que siento es que estoy ac\u00e1 por algo. Yo pens\u00e9 que nunca m\u00e1s iba a estar en un Juego Ol\u00edmpico. Yo pens\u00e9 que nunca m\u00e1s iba a estar vivo. Esto es dif\u00edcil de transmitirlo y explicarlo<\/em><\/strong>\u201d.<\/p>\n<p>&nbsp;<\/p>\n<p>La imagen de Montesano est\u00e1 asociada a los momentos m\u00e1s importantes de las selecciones nacionales, como aquella clasificaci\u00f3n a los Juegos Ol\u00edmpicos de R\u00edo de Janeiro 2016 cuando Argentina venci\u00f3 78-70 al local, M\u00e9xico en b\u00e1squetbol. Al finalizar, Sergio \u201cOveja\u201d Hern\u00e1ndez le dijo \u201ces la primera vez que el entrenador consuela al periodista\u201d o qued\u00f3 para siempre la frase de Facundo Campazzo \u201cno s\u00e9 para que vengo porque no puedo hablar\u201d.<\/p>\n<p>&nbsp;<\/p>\n<p>Tambi\u00e9n Montesano puede ser recordado en la imagen de los festejos en el Mundial de China 2019, cuando la selecci\u00f3n argentina lleg\u00f3 a la final ante Espa\u00f1a y tras la victoria ante Francia, los jugadores lo rodearon en la zona mixta y lo insultaban en broma, Campazzo le rob\u00f3 los lentes y Gabriel Deck le quit\u00f3 el micr\u00f3fono y le hizo una peque\u00f1a entrevista sobre el partido.<\/p>\n<p>&nbsp;<\/p>\n<p><img data-recalc-dims=\"1\" loading=\"lazy\" decoding=\"async\" class=\"aligncenter size-large wp-image-3107\" src=\"https:\/\/i0.wp.com\/centraldeportes.com.ar\/wp-content\/uploads\/2021\/08\/montesano.jpg_2014047795-1024x576.jpg?resize=800%2C450\" alt=\"\" width=\"800\" height=\"450\" \/><\/p>\n<p>&nbsp;<\/p>\n<p>Las expresiones euf\u00f3ricas con su particular voz ya forman parte de las tradiciones en los relatos deportivos televisivos, con frases como \u201cPunto, punto, punto\u201d o haciendo juego con la cumbia, \u201clas manos de todos los pibes arriba\u201d.<\/p>\n<p>&nbsp;<\/p>\n<p>Jord\u00e1n Galliquio, quien comparti\u00f3 viajes y preparaciones de transmisiones con Montesano por todo el pa\u00eds y quien se considera \u201csu hermano menor\u201d a partir de una relaci\u00f3n construida \u201cp<em>or ser yo de Azul y \u00e9l de Olavarr\u00eda, dos ciudades con mucha pica y c\u00f3digos en com\u00fan<\/em>\u201d, considera que el v\u00ednculo del relator con el b\u00e1squetbol \u201c<em>se forz\u00f3 en su ciudad y en sus primeros v\u00ednculos y con la cobertura del Torneo Nacional de Ascenso (TNA) y la Liga Nacional con Miguel Romano y tambi\u00e9n de all\u00ed viene la relaci\u00f3n con el entrenador de la selecci\u00f3n argentina, Sergio \u2018Oveja\u2019 Hern\u00e1ndez, que sac\u00f3 campe\u00f3n a Estudiantes de Olavarr\u00eda<\/em>\u201d.<\/p>\n<p>&nbsp;<\/p>\n<p>&nbsp;<\/p>\n<p><img data-recalc-dims=\"1\" loading=\"lazy\" decoding=\"async\" class=\"aligncenter size-large wp-image-3106\" src=\"https:\/\/i0.wp.com\/centraldeportes.com.ar\/wp-content\/uploads\/2021\/08\/E8LizHFUYAEPHUF-1024x760.jpg?resize=800%2C594\" alt=\"\" width=\"800\" height=\"594\" \/><\/p>\n<p>&nbsp;<\/p>\n<p>Montesano, de 50 a\u00f1os (naci\u00f3 el 23 de enero de 1971) vino a Buenos Aires a estudiar en la escuela del C\u00edrculo de Periodistas Deportivos ya con un importante bagaje porque hab\u00eda trabajado en Olavarr\u00eda y al poco tiempo alternaba el b\u00e1squetbol con el f\u00fatbol del Nacional B para TyC Sports en 1997.<\/p>\n<p>&nbsp;<\/p>\n<p>Alejandro \u201cTuru\u201d Munuera, uno de sus productores hist\u00f3ricos -comenz\u00f3 a trabajar con \u00e9l en 1996 en las transmisiones de \u201cTirando al Aro\u201d en radio Provincia de Buenos Aires-, destaca que Montesano \u201c<em>siempre fue muy pasional para el relato y de muy buena llegada a los protagonistas. Aprendimos y crecimos juntos, con \u00e9l y Quique Edelstein en las coberturas de TyC Sports se refiere a las transmisiones de v\u00f3ley y beach v\u00f3ley cuando se le hizo imposible viajar a otro colega, Jos\u00e9 Jozami- y luego se sum\u00f3 Hugo Conte. Ellos tienen una relaci\u00f3n maravillosa y pensar que Jos\u00e9 lleg\u00f3 a relatarlo y ahora lo hizo con su hijo Facundo en unas finales tremendas entre Swiss Medical Tucum\u00e1n y Bol\u00edvar<\/em>\u201d.<\/p>\n<p>&nbsp;<\/p>\n<p>\u201c<strong><em>Desde lo profesional -le comenta Montesano a Infobae- siento que estoy muy bien pero nunca me sent\u00ed mal profesionalmente. Soy un tipo seguro y que busc\u00f3 este camino de transmitir la pasi\u00f3n. Hice lo mismo cuando empec\u00e9 en Olavarr\u00eda a relatar. Relataba de esta manera. Nunca cambi\u00e9, porque si cambio no ser\u00eda yo<\/em><\/strong>\u201d.<\/p>\n<p>&nbsp;<\/p>\n<p>Ya desde su primera infancia en Olavarr\u00eda, donde siguen viviendo su madre Delia y sus hermanos Luis (psic\u00f3logo) y Carlos (\u00e9ste \u00faltimo, abogado de la Asociaci\u00f3n de Jugadores de B\u00e1squetbol), lleva el sobrenombre de \u201cMosquito\u201d y fue siempre partidario de acercarse a los protagonistas con apodos. \u201c<em>A un jugador de v\u00f3ley no le gust\u00f3 c\u00f3mo lo llamaba y desde ese momento comenz\u00f3 a tratarlo de \u2018se\u00f1or\u2019<\/em>\u201d, cuenta Galliquio.<\/p>\n<p>&nbsp;<\/p>\n<p>\u201c<em>El secreto es que es un gran profesional que se toma de la misma manera un Pe\u00f1arol-Quilmes que un partido de los Juegos Ol\u00edmpicos<\/em> \u2013destaca Mart\u00edn Bitthoff, camar\u00f3grafo y amigo personal de Montesano, al que tambi\u00e9n lo uni\u00f3 ser del interior bonaerense, de Mar del Plata-. <em>Es un apasionado por lo que hace. Es un pibe com\u00fan, humilde, respetuoso, sencillo, cari\u00f1oso. Antes, parec\u00eda que nunca le alcanzaban las cosas, como que siempre quer\u00eda m\u00e1s, pero la enfermedad lo cambi\u00f3 y ve la vida de otra manera<\/em>\u201d.<\/p>\n<p>&nbsp;<\/p>\n<p>El reconocido comentarista de f\u00fatbol Alejandro Fabbri, quien coincidi\u00f3 poco con \u00e9l en TyC Sports -\u201dsolo en el noticiero porque hacemos deportes diferentes\u201d, aclara- sostiene que Montesano \u201c<em>tiene todas las condiciones para ser elegido el mejor compa\u00f1ero de la clase, como cuando eleg\u00edamos as\u00ed. Es un tipo muy querido, solidario, muy buen compa\u00f1ero, que siempre est\u00e1 con algo positivo, y tiene muy buena relaci\u00f3n con los jugadores y no por ser un chupamedias o un tipo que no pregunta nada sino que en general, especialmente con el b\u00e1squet, se han dado muchas cosas a favor, en distintos torneos, que nos emocionaron<\/em>\u201d.<\/p>\n<p>&nbsp;<\/p>\n<p>\u201c<em>Compartimos algunas tardes de noticiero y es un tipo que tiene la suficiente edad como para poder hacer alguna broma o como para poder hablar de algo muy profundo -agrega Fabbri-. No es un tipo hueco, que est\u00e9 de joda, para nada. Al contrario, un profesional. Est\u00e1 muy metido con el basquetbol y el voleibol. Padeci\u00f3 esta enfermedad y pudo salir adelante. En ese tiempo, todos lo pasamos mal. Lo hemos ido a ver al sanatorio muchos de nosotros. \u00c9l siempre agradece, es muy extempor\u00e1neo, parece como de un tipo italiano por la manera de actuar y por c\u00f3mo te brinda el afecto. Nos cargamos mucho con Platense y Estudiantes de Olavarr\u00eda, que compet\u00edan en b\u00e1squetbol\u201d<\/em>.<\/p>\n<p>&nbsp;<\/p>\n<p>En medio de todo su trabajo, aparecieron signos de que algo no andaba bien con su salud. \u201c<strong><em>Me dol\u00eda todo el cuerpo, el est\u00f3mago, la espalda, las piernas. A veces sent\u00eda que no pod\u00eda m\u00e1s&#8221;<\/em><\/strong>\u00a0-relat\u00f3 en una entrevista- pero ya todo se complic\u00f3 en noviembre de 2016 cuando fue a relatar un partido de b\u00e1squetbol a Bah\u00eda Blanca. \u201c<em><strong>Termin\u00e9 de trabajar y no daba m\u00e1s, ni siquiera pod\u00eda comer<\/strong><\/em>\u201d.<\/p>\n<p>&nbsp;<\/p>\n<p>Al llegar a Buenos Aires, su m\u00e9dico de cabecera lo intern\u00f3 para hacerle estudios y el 29 de noviembre le diagnosticaron que ten\u00eda \u201cLinfoma de Burkitt\u201d, algo poco frecuente que ataca los ganglios de todo el cuerpo y la m\u00e9dula \u00f3sea, lo que lo oblig\u00f3 a someterse a agresivos tratamientos de quimioterapia.<\/p>\n<p>&nbsp;<\/p>\n<p>\u201c<strong><em>Lo importante es que la cabeza no te gane y que puedas recibir todo el amor y cari\u00f1o posible -coment\u00f3 m\u00e1s tarde Montesano- porque independientemente de que pueda salir bien o mal, para el que est\u00e1 enfermo es bueno recibir ese amor. Hay personas que se cierran. Yo he tenido d\u00edas enteros solo y llorando en la cama sin querer hablar con nadie, pero eso es lo que te tira para abajo. Tard\u00e9 en darme cuenta de que no me pod\u00eda morir, ten\u00eda que vivir. Es muy dif\u00edcil pensar en tu propia muerte. Llega el d\u00eda en que pens\u00e1s en los que quedan<\/em><\/strong>\u201d.<\/p>\n<p>&nbsp;<\/p>\n<p>A los dos meses de volver a trabajar recibi\u00f3 un emotivo homenaje con videos que le enviaron los protagonistas del v\u00f3ley y el b\u00e1squet. Su regreso despu\u00e9s de nueve meses y siete sesiones de quimioterapia se produjo en un enfrentamiento de v\u00f3ley entre Argentina y Chile por el Premundial el 30 de Palpal\u00e1. \u201c<strong><em>Nadie tiene la vida comprada -dijo entonces-. La cabeza te cambia, ves las cosas de otra manera<\/em><\/strong>\u201d.<\/p>\n<p>&nbsp;<\/p>\n<p>\u201cDecime si estoy exagerando un poco\u201d, cuenta Galliquio que a veces le pide Montesano. \u201c<em>Su relato tiene una caracter\u00edstica propia, porque tiene que diferenciarse con los de otros deportes a partir de que TyC Sports es un canal futbolero, m\u00e1s que otra cosa<\/em>\u201d -sostiene Fabbri-. &#8220;<em>Trata todo con sentido com\u00fan, con criterio, y m\u00e1s all\u00e1 de que a veces parezca desorbitado con el relato, est\u00e1 puesto m\u00e1s del lado del entretenimiento y se supone que el comentarista es el que tiene que darle un toque diferente m\u00e1s all\u00e1 aunque hoy los relatores en el f\u00fatbol griten y te cuenten un c\u00f3rner igual que un saque lateral a cincuenta metros del arco, Jos\u00e9 lo hace de otra manera, te engancha m\u00e1s. Conoce el reglamento y el juego, y con el v\u00f3ley y el b\u00e1squet tiene mucha onda y adem\u00e1s siempre se complementa bien con el comentarista. Ese es un dato muy importante. No dice pavadas sino que hace un tratamiento de la noticia con buen humor y tratando de no meter la pata nunca. Todas esas cosas las re\u00fane Jos\u00e9. Por eso es una alegr\u00eda que gracias a estos muchachos se gane otra vez un lugar en la consideraci\u00f3n<\/em>\u201d.<\/p>\n<p>&nbsp;<\/p>\n<p>Galliquio detalla que Montesano -que tiene tres hijos, las mellizas Juana y Catalina, y un hijo, Emiliano, de un primer matrimonio- recibe cartas de todo el pa\u00eds, y a donde va, le piden fotos y lo saludan. \u201c<em>Tiene un aura especial, un don. Una mezcla de carisma y sensibilidad. Establece un v\u00ednculo con los protagonistas por su carisma y humor muy particular y se hace querer por todos, siempre tirando para adelante porque la gusta que la gente que trabaja con \u00e9l se sienta c\u00f3moda<\/em>\u201d.<\/p>\n<p>&nbsp;<\/p>\n<blockquote><p>\u201c<em>Las sensaciones de morirse son de cada uno y son intransferibles. Yo la tuve. Y entonces siento que estoy ac\u00e1 para transmitir cosas que tienen que ver con el sentimiento y el coraz\u00f3n pero fundamentalmente tratar de dar un mensaje que tenga que ver con la salud&#8221;<\/em><\/p><\/blockquote>\n<p>&nbsp;<\/p>\n<p><strong><em>&#8220;Es mi idea y por algo pude con el c\u00e1ncer, para poder hablar libremente de una enfermedad que sigue siendo tab\u00fa en la Argentina y para poder hablar de situaciones de salud que no se hablan y que se deber\u00edan hablar mucho m\u00e1s y ponerlas sobre la mesa<\/em><\/strong>\u201d, agrega el periodista.<\/p>\n<p>&nbsp;<\/p>\n<p>&nbsp;<\/p>\n<blockquote class=\"twitter-tweet\">\n<p dir=\"ltr\" lang=\"es\">\u00a1EL RELATO QUE VALE UNA MEDALLA!<\/p>\n<p>AS\u00cd NOS EMOCIONARON Jos\u00e9 Montesano y Hugo Conte una vez consumada la presea argentina para el Voley??? <a href=\"https:\/\/t.co\/QvVALwDflx\">pic.twitter.com\/QvVALwDflx<\/a><\/p>\n<p>\u2014 TyC Sports (@TyCSports) <a href=\"https:\/\/twitter.com\/TyCSports\/status\/1423950723507793922?ref_src=twsrc%5Etfw\">August 7, 2021<\/a><\/p><\/blockquote>\n<p><script async src=\"https:\/\/platform.twitter.com\/widgets.js\" charset=\"utf-8\"><\/script><\/p>\n<p>&nbsp;<\/p>\n<p>\u201c<strong><em>Siento que el relato es mi lugar en el mundo porque logro abstraerme de todos mis problemas, de todo lo que me est\u00e9 pasando y focalizar mucho en el que la est\u00e9 pasando mal por distintas situaciones: por un dolor de muela, porque tiene c\u00e1ncer, porque se le muri\u00f3 una pareja, un familiar, o porque tiene quiilombo con sus hijos o se est\u00e1 por separar. Si yo puedo robarle una sonrisa a alguien a trav\u00e9s de mi relato, para m\u00ed eso no tiene precio, es impagable<\/em><\/strong>\u201d, finaliza, y vuelve a la intensidad de la cobertura de los Juegos Ol\u00edmpicos de Tokio. Le espera otra ardua y apasionante jornada.<\/p>\n<p>&nbsp;<\/p>\n<p>De Sergio Levinsky para Infobae<\/p>\n","protected":false},"excerpt":{"rendered":"<p>En la madrugada de este s\u00e1bado, Argentina sum\u00f3 su tercera medalla en los Juegos Ol\u00edmpicos; fue el bronce de la<\/p>\n","protected":false},"author":96739695,"featured_media":3108,"comment_status":"closed","ping_status":"closed","sticky":false,"template":"","format":"standard","meta":{"_jetpack_memberships_contains_paid_content":false,"footnotes":""},"categories":[30,1],"tags":[],"class_list":["post-141411","post","type-post","status-publish","format-standard","has-post-thumbnail","hentry","category-polideportivo","category-portada"],"jetpack_featured_media_url":"","jetpack_sharing_enabled":true,"_links":{"self":[{"href":"https:\/\/cdnoticias.com\/index.php\/wp-json\/wp\/v2\/posts\/141411","targetHints":{"allow":["GET"]}}],"collection":[{"href":"https:\/\/cdnoticias.com\/index.php\/wp-json\/wp\/v2\/posts"}],"about":[{"href":"https:\/\/cdnoticias.com\/index.php\/wp-json\/wp\/v2\/types\/post"}],"author":[{"embeddable":true,"href":"https:\/\/cdnoticias.com\/index.php\/wp-json\/wp\/v2\/users\/96739695"}],"replies":[{"embeddable":true,"href":"https:\/\/cdnoticias.com\/index.php\/wp-json\/wp\/v2\/comments?post=141411"}],"version-history":[{"count":0,"href":"https:\/\/cdnoticias.com\/index.php\/wp-json\/wp\/v2\/posts\/141411\/revisions"}],"wp:featuredmedia":[{"embeddable":true,"href":"https:\/\/cdnoticias.com\/index.php\/wp-json\/"}],"wp:attachment":[{"href":"https:\/\/cdnoticias.com\/index.php\/wp-json\/wp\/v2\/media?parent=141411"}],"wp:term":[{"taxonomy":"category","embeddable":true,"href":"https:\/\/cdnoticias.com\/index.php\/wp-json\/wp\/v2\/categories?post=141411"},{"taxonomy":"post_tag","embeddable":true,"href":"https:\/\/cdnoticias.com\/index.php\/wp-json\/wp\/v2\/tags?post=141411"}],"curies":[{"name":"wp","href":"https:\/\/api.w.org\/{rel}","templated":true}]}}