{"id":141403,"date":"2021-08-06T13:58:49","date_gmt":"2021-08-06T16:58:49","guid":{"rendered":"http:\/\/centraldeportes.com.ar\/?p=3059"},"modified":"2025-01-28T00:05:07","modified_gmt":"2025-01-28T03:05:07","slug":"futbolistas-locales-se-sometieron-a-diversas-pruebas-en-junin-y-la-plata","status":"publish","type":"post","link":"https:\/\/cdnoticias.com\/index.php\/2021\/08\/06\/futbolistas-locales-se-sometieron-a-diversas-pruebas-en-junin-y-la-plata\/","title":{"rendered":"Futbolistas locales se sometieron a diversas pruebas en Jun\u00edn y La Plata"},"content":{"rendered":"<p>Representantes de Embajadores, Loma Negra y Racing se sometieron a diversas pruebas en el transcurso de la \u00faltima semana en Sarmiento de Jun\u00edn y Estudiantes de La Plata.<!--more--><\/p>\n<hr \/>\n<p>Benjam\u00edn y Donato D\u00edaz, categor\u00edas 2009 y 2012, jugadores de Loma Negra estuvieron en La Plata entrenando a las \u00f3rdenes del Departamento de Captaci\u00f3n \u201cPincha\u201d durante mi\u00e9rcoles y jueves pasado.<\/p>\n<p>Tambi\u00e9n hasta el predio en City Bell se acercaron Sebasti\u00e1n Barreto y Bruno Santell\u00e1n, representantes de Racing Club.<\/p>\n<p>Barreto es delantero categor\u00eda 2006 y Santell\u00e1n nacido en 2009 y los hermanos y arqueros D\u00edaz fueron observados durante la prueba que los captadores Oscar Mendoza, Lucas Feregotto y Lucas Boris realizaron en el Buglione Martinese.<\/p>\n<p>&nbsp;<\/p>\n<p><img data-recalc-dims=\"1\" loading=\"lazy\" decoding=\"async\" class=\"aligncenter size-full wp-image-3061\" src=\"https:\/\/i0.wp.com\/centraldeportes.com.ar\/wp-content\/uploads\/2021\/08\/219937973_4305820689463421_3475736540280721735_n-e1628269111251.jpg?resize=720%2C544\" alt=\"\" width=\"720\" height=\"544\" \/><\/p>\n<p>&nbsp;<\/p>\n<p>Por otro lado, Facundo Soto, Francisco Carneri y Santino Sachi viajaron a Jun\u00edn para ser observados por Juan Carlos Pirez, coordinador de Sarmiento.<\/p>\n<p>Facundo Soto y Francisco Carneri, ambos de la categor\u00eda 2004, y Santino Sachi de la 2005 que fue notificado que deber\u00e1 volver a la entidad \u201cVerde\u201d.<\/p>\n","protected":false},"excerpt":{"rendered":"<p>Representantes de Embajadores, Loma Negra y Racing se sometieron a diversas pruebas en el transcurso de la \u00faltima semana en<\/p>\n","protected":false},"author":96739694,"featured_media":143044,"comment_status":"closed","ping_status":"closed","sticky":false,"template":"","format":"standard","meta":{"_jetpack_memberships_contains_paid_content":false,"footnotes":""},"categories":[35,40,1],"tags":[],"class_list":["post-141403","post","type-post","status-publish","format-standard","has-post-thumbnail","hentry","category-futbol","category-inferiores","category-portada"],"jetpack_featured_media_url":"https:\/\/i0.wp.com\/cdnoticias.com\/wp-content\/uploads\/2021\/08\/212-777x437.jpg?fit=777%2C437&ssl=1","jetpack_sharing_enabled":true,"_links":{"self":[{"href":"https:\/\/cdnoticias.com\/index.php\/wp-json\/wp\/v2\/posts\/141403","targetHints":{"allow":["GET"]}}],"collection":[{"href":"https:\/\/cdnoticias.com\/index.php\/wp-json\/wp\/v2\/posts"}],"about":[{"href":"https:\/\/cdnoticias.com\/index.php\/wp-json\/wp\/v2\/types\/post"}],"author":[{"embeddable":true,"href":"https:\/\/cdnoticias.com\/index.php\/wp-json\/wp\/v2\/users\/96739694"}],"replies":[{"embeddable":true,"href":"https:\/\/cdnoticias.com\/index.php\/wp-json\/wp\/v2\/comments?post=141403"}],"version-history":[{"count":0,"href":"https:\/\/cdnoticias.com\/index.php\/wp-json\/wp\/v2\/posts\/141403\/revisions"}],"wp:featuredmedia":[{"embeddable":true,"href":"https:\/\/cdnoticias.com\/index.php\/wp-json\/wp\/v2\/media\/143044"}],"wp:attachment":[{"href":"https:\/\/cdnoticias.com\/index.php\/wp-json\/wp\/v2\/media?parent=141403"}],"wp:term":[{"taxonomy":"category","embeddable":true,"href":"https:\/\/cdnoticias.com\/index.php\/wp-json\/wp\/v2\/categories?post=141403"},{"taxonomy":"post_tag","embeddable":true,"href":"https:\/\/cdnoticias.com\/index.php\/wp-json\/wp\/v2\/tags?post=141403"}],"curies":[{"name":"wp","href":"https:\/\/api.w.org\/{rel}","templated":true}]}}