{"id":141401,"date":"2021-08-05T20:52:14","date_gmt":"2021-08-05T23:52:14","guid":{"rendered":"http:\/\/centraldeportes.com.ar\/?p=3037"},"modified":"2025-01-28T00:05:10","modified_gmt":"2025-01-28T03:05:10","slug":"olavarrienses-en-tapalque-lograron-muy-buenos-resultados","status":"publish","type":"post","link":"https:\/\/cdnoticias.com\/index.php\/2021\/08\/05\/olavarrienses-en-tapalque-lograron-muy-buenos-resultados\/","title":{"rendered":"Olavarrienses en Tapalqu\u00e9 lograron muy buenos resultados"},"content":{"rendered":"<p>Un muy buen n\u00famero de competidores de las diferentes categor\u00edas dijeron el pasado fin de semana en Tapalqu\u00e9 donde se produjo el regreso de la actividad al preciado circuito.<!--more--><\/p>\n<hr \/>\n<p>Lo m\u00e1s destacado de la jornada dominical fue el primer lugar de Ludmila Posse en representaci\u00f3n del \u201cTeam Las Horneras\u201d en la categor\u00eda Dama en una carrera que cont\u00f3 con ciclistas de diferentes puntos de la provincia como La Plata, San Nicol\u00e1s, Saladillo o Necochea.<\/p>\n<p>&nbsp;<\/p>\n<p>Tambi\u00e9n en la categor\u00eda \u00c9lite y \u00c9lite II, los olavarrienses coparon el podio con Valetutto, Galv\u00e1n, Roldan y Ferro entre los primeros lugares de una prueba que consagr\u00f3 a Federico Vivas, el ciclista local.<\/p>\n<p>&nbsp;<\/p>\n<p>[soliloquy slug=&#8221;ciclismo&#8221;]<\/p>\n<p>&nbsp;<\/p>\n<p>Los infantiles tuvieron lo suyo y los juveniles, que esperaban ansiosos estas competencias.<\/p>\n<p>&nbsp;<\/p>\n<p>Los resultados de todas las categor\u00edas:<\/p>\n<p><em>Debutantes Mayores de 40 a\u00f1os<\/em><br \/>\n1\u00b0 Mauricio Baca San Pedro<br \/>\n2\u00b0 Roberto Tarqui\u00f1o Mar del Plata<br \/>\n3\u00b0 H\u00e9ctor Casabury Cachari<br \/>\n4\u00b0 Sergio Godoy Mar del Plata<br \/>\n5\u00b0 Einar Rubino Tapalqu\u00e9<\/p>\n<p><em>Debutantes Menores de 40 a\u00f1os<\/em><br \/>\n1\u00b0 Juan Preziuso Mar del Plata<br \/>\n2\u00b0 Germ\u00e1n Canosa Tapalqu\u00e9<br \/>\n3\u00b0 Mauricio Carlucio Tapalqu\u00e9<br \/>\n4\u00b0 Tob\u00edas Ponce Olavarr\u00eda<br \/>\n5\u00b0 Darian Sayago Gral. Alvear<\/p>\n<p><em>Categor\u00eda 2006-2007<\/em><br \/>\n1\u00b0 Rom\u00e1n Gorosito Mercedes<br \/>\n2\u00b0 Diego Castro Olavarr\u00eda<br \/>\n3\u00b0 Joaqu\u00edn Peralta Tapalqu\u00e9<br \/>\n4\u00b0 Uriel Tolosa Saladillo<br \/>\n5\u00b0 Facundo Maggi Pehuaj\u00f3<\/p>\n<p><em>Damas<\/em><br \/>\n1\u00b0 Ludmila Posse Olavarr\u00eda<br \/>\n2\u00b0 Constanza Calandra La Plata<br \/>\n3\u00b0 Paola Burgois Saladillo<br \/>\n4\u00b0 Fiama Brisqueta Olavarr\u00eda<br \/>\n5\u00b0 Tania Ponce de Le\u00f3n Tapalqu\u00e9<\/p>\n<p><em>M\u00e1ster D<\/em><br \/>\n1\u00b0 Argentino Fontana Carlos Casares<br \/>\n2\u00b0 Lucio Romero Lober\u00eda<br \/>\n3\u00b0 Jos\u00e9 Tolosa Saladillo<br \/>\n4\u00b0 Francisco Posse Olavarr\u00eda<br \/>\n5\u00b0 Carlos P\u00e9rez Tapalqu\u00e9<\/p>\n<p><em>M\u00e1ster C<\/em><br \/>\n1\u00b0 Carlos Piazza Azul<br \/>\n2\u00b0 N\u00e9stor Varela Arrecifes<br \/>\n3\u00b0 Alejandro Mor Arrecifes<br \/>\n4\u00b0 Leonardo Carosio Mor\u00f3n<br \/>\n5\u00b0 Adrian Pozzoli Berazategui<br \/>\n6\u00b0 Fabi\u00e1n Valerga Lobos<br \/>\n7\u00b0 Carlos Barrag\u00e1n Rauch<\/p>\n<p><em>M\u00e1ster A y B<\/em><br \/>\n1\u00b0 Jorge Sosa Loberia<br \/>\n2\u00b0 Mariano Erripa Olavarr\u00eda<br \/>\n3\u00b0 Claudio Flores Tres Arroyos<br \/>\n4\u00b0 Federico G\u00f3mez Tapalqu\u00e9<br \/>\n5\u00b0 Jos\u00e9 Aguirre Cachari<br \/>\n6\u00b0 Agust\u00edn Pallero Tapalqu\u00e9<\/p>\n<p><em>\u00c9lite y Junior<\/em><br \/>\n1\u00b0 Federico Vivas Saladillo<br \/>\n2\u00b0 Lautaro Valetutto Olavarr\u00eda<br \/>\n3\u00b0 Santiago Roldan Olavarr\u00eda<br \/>\n4\u00b0 Marcelo Galv\u00e1n Olavarr\u00eda<br \/>\n5\u00b0 Lucas Sosa Lober\u00eda<br \/>\n6\u00b0 Alan Leiva Gral. Alvear<br \/>\n7\u00b0 Agust\u00edn Ferro Olavarr\u00eda<\/p>\n<p><em>Elite II \u2013 2004\/2005<\/em><br \/>\n1\u00b0 Lautaro Valetutto Olavarr\u00eda<br \/>\n2\u00b0 Marcelo Galvan Olavarr\u00eda<br \/>\n3\u00b0 Lucas Sosa Lober\u00eda<\/p>\n","protected":false},"excerpt":{"rendered":"<p>Un muy buen n\u00famero de competidores de las diferentes categor\u00edas dijeron el pasado fin de semana en Tapalqu\u00e9 donde se<\/p>\n","protected":false},"author":96739694,"featured_media":0,"comment_status":"closed","ping_status":"closed","sticky":false,"template":"","format":"standard","meta":{"_jetpack_memberships_contains_paid_content":false,"footnotes":""},"categories":[30,1],"tags":[],"class_list":["post-141401","post","type-post","status-publish","format-standard","hentry","category-polideportivo","category-portada"],"jetpack_featured_media_url":"","jetpack_sharing_enabled":true,"_links":{"self":[{"href":"https:\/\/cdnoticias.com\/index.php\/wp-json\/wp\/v2\/posts\/141401","targetHints":{"allow":["GET"]}}],"collection":[{"href":"https:\/\/cdnoticias.com\/index.php\/wp-json\/wp\/v2\/posts"}],"about":[{"href":"https:\/\/cdnoticias.com\/index.php\/wp-json\/wp\/v2\/types\/post"}],"author":[{"embeddable":true,"href":"https:\/\/cdnoticias.com\/index.php\/wp-json\/wp\/v2\/users\/96739694"}],"replies":[{"embeddable":true,"href":"https:\/\/cdnoticias.com\/index.php\/wp-json\/wp\/v2\/comments?post=141401"}],"version-history":[{"count":0,"href":"https:\/\/cdnoticias.com\/index.php\/wp-json\/wp\/v2\/posts\/141401\/revisions"}],"wp:attachment":[{"href":"https:\/\/cdnoticias.com\/index.php\/wp-json\/wp\/v2\/media?parent=141401"}],"wp:term":[{"taxonomy":"category","embeddable":true,"href":"https:\/\/cdnoticias.com\/index.php\/wp-json\/wp\/v2\/categories?post=141401"},{"taxonomy":"post_tag","embeddable":true,"href":"https:\/\/cdnoticias.com\/index.php\/wp-json\/wp\/v2\/tags?post=141401"}],"curies":[{"name":"wp","href":"https:\/\/api.w.org\/{rel}","templated":true}]}}