{"id":141400,"date":"2021-08-05T20:51:07","date_gmt":"2021-08-05T23:51:07","guid":{"rendered":"http:\/\/centraldeportes.com.ar\/?p=3035"},"modified":"2025-01-28T00:05:10","modified_gmt":"2025-01-28T03:05:10","slug":"se-suman-equipos-a-las-competencias-de-la-asociacion-de-basquet","status":"publish","type":"post","link":"https:\/\/cdnoticias.com\/index.php\/2021\/08\/05\/se-suman-equipos-a-las-competencias-de-la-asociacion-de-basquet\/","title":{"rendered":"Se suman equipos a las competencias de la Asociaci\u00f3n de B\u00e1squet"},"content":{"rendered":"<p>La Municipalidad de Olavarr\u00eda confirm\u00f3 en las \u00faltimas horas que los equipos afiliados a la Asociaci\u00f3n de B\u00e1squet pero que no son del partido podr\u00e1n ser parte de las competencias por lo que el Torneo de Inferiores se relanzar\u00e1.<!--more--><\/p>\n<hr \/>\n<p>Luego de conocida la noticia de que se habilit\u00f3 la participaci\u00f3n en torneos oficiales de los clubes afiliados de otras ciudades, Racing de La Madrid, Chacarita de Azul y Las Flores B\u00e1sket se sumar\u00e1n a las competencias organizadas por la ABO por lo que el s\u00e1bado 14 de agosto se relanzar\u00e1 el Torneo de Inferiores Copa &#8220;Alquileres x d\u00eda Necochea&#8221;.<\/p>\n<p>&nbsp;<\/p>\n<p>El certamen contar\u00e1 con la participaci\u00f3n de diez equipos, agrupados en dos Zonas y a dos ruedas donde en la primera fecha se enfrentar\u00e1n Racing de La Madrid vs Chacarita y Pueblo Nuevo vs Racing por la Zona A y Las Flores vs San Mart\u00edn y El Fort\u00edn vs Loma Negra por la Zona B.<\/p>\n<p>&nbsp;<\/p>\n<p>Tambi\u00e9n hubo modificaciones en el certamen de Primera Divisi\u00f3n ya que se sum\u00f3 Chacarita que tendr\u00e1 su debut el pr\u00f3ximo s\u00e1bado desde las 20:00 ante Pueblo Nuevo en el Juan Manolio.<\/p>\n","protected":false},"excerpt":{"rendered":"<p>La Municipalidad de Olavarr\u00eda confirm\u00f3 en las \u00faltimas horas que los equipos afiliados a la Asociaci\u00f3n de B\u00e1squet pero que<\/p>\n","protected":false},"author":96739694,"featured_media":0,"comment_status":"closed","ping_status":"closed","sticky":false,"template":"","format":"standard","meta":{"_jetpack_memberships_contains_paid_content":false,"footnotes":""},"categories":[31,44,1,43],"tags":[],"class_list":["post-141400","post","type-post","status-publish","format-standard","hentry","category-basquet","category-inferiores-basquet","category-portada","category-primera"],"jetpack_featured_media_url":"","jetpack_sharing_enabled":true,"_links":{"self":[{"href":"https:\/\/cdnoticias.com\/index.php\/wp-json\/wp\/v2\/posts\/141400","targetHints":{"allow":["GET"]}}],"collection":[{"href":"https:\/\/cdnoticias.com\/index.php\/wp-json\/wp\/v2\/posts"}],"about":[{"href":"https:\/\/cdnoticias.com\/index.php\/wp-json\/wp\/v2\/types\/post"}],"author":[{"embeddable":true,"href":"https:\/\/cdnoticias.com\/index.php\/wp-json\/wp\/v2\/users\/96739694"}],"replies":[{"embeddable":true,"href":"https:\/\/cdnoticias.com\/index.php\/wp-json\/wp\/v2\/comments?post=141400"}],"version-history":[{"count":0,"href":"https:\/\/cdnoticias.com\/index.php\/wp-json\/wp\/v2\/posts\/141400\/revisions"}],"wp:attachment":[{"href":"https:\/\/cdnoticias.com\/index.php\/wp-json\/wp\/v2\/media?parent=141400"}],"wp:term":[{"taxonomy":"category","embeddable":true,"href":"https:\/\/cdnoticias.com\/index.php\/wp-json\/wp\/v2\/categories?post=141400"},{"taxonomy":"post_tag","embeddable":true,"href":"https:\/\/cdnoticias.com\/index.php\/wp-json\/wp\/v2\/tags?post=141400"}],"curies":[{"name":"wp","href":"https:\/\/api.w.org\/{rel}","templated":true}]}}