{"id":141399,"date":"2021-08-05T18:31:56","date_gmt":"2021-08-05T21:31:56","guid":{"rendered":"http:\/\/centraldeportes.com.ar\/?p=3027"},"modified":"2025-01-28T00:05:11","modified_gmt":"2025-01-28T03:05:11","slug":"sancion-provisoria-para-un-futbolista-por-agresion","status":"publish","type":"post","link":"https:\/\/cdnoticias.com\/index.php\/2021\/08\/05\/sancion-provisoria-para-un-futbolista-por-agresion\/","title":{"rendered":"Sanci\u00f3n provisoria para un futbolista por agresi\u00f3n"},"content":{"rendered":"<p>El pasado domingo en el partido entre Racing y Ferro, Franco Janson agredi\u00f3 a un jugador \u201cCarbonero\u201d y si bien no fue expulsado por el \u00e1rbitro, el Tribunal de Penas determin\u00f3 su suspensi\u00f3n provisoria.<!--more--><\/p>\n<hr \/>\n<p>Franco Janson fue suspendido moment\u00e1neamente por la Liga de F\u00fatbol de Olavarr\u00eda que acept\u00f3 el pedido presentado por el Club Ferro para que sancionen de oficio al jugador \u201cChaira\u201d por agredir a Hilario Blanco cuando transcurr\u00eda la mitad del segundo tiempo en el <a href=\"http:\/\/centraldeportes.com.ar\/ferro-se-quedo-con-el-duelo-frente-a-racing-que-no-llego-a-liderar\/\">cotejo<\/a> entre el &#8220;Carbonero&#8221; y Racing.<\/p>\n<p>&nbsp;<\/p>\n<p>Seg\u00fan informaron, el futbolista deber\u00e1 presentarse la pr\u00f3xima semana a declarar pero no podr\u00e1 estar presente en el trascendental partido entre Racing y Embajadores previsto para el pr\u00f3ximo domingo en el Buglione Martinese.<\/p>\n","protected":false},"excerpt":{"rendered":"<p>El pasado domingo en el partido entre Racing y Ferro, Franco Janson agredi\u00f3 a un jugador \u201cCarbonero\u201d y si bien<\/p>\n","protected":false},"author":96739694,"featured_media":0,"comment_status":"closed","ping_status":"closed","sticky":false,"template":"","format":"standard","meta":{"_jetpack_memberships_contains_paid_content":false,"footnotes":""},"categories":[35,1,41],"tags":[],"class_list":["post-141399","post","type-post","status-publish","format-standard","hentry","category-futbol","category-portada","category-primera-y-reserva"],"jetpack_featured_media_url":"","jetpack_sharing_enabled":true,"_links":{"self":[{"href":"https:\/\/cdnoticias.com\/index.php\/wp-json\/wp\/v2\/posts\/141399","targetHints":{"allow":["GET"]}}],"collection":[{"href":"https:\/\/cdnoticias.com\/index.php\/wp-json\/wp\/v2\/posts"}],"about":[{"href":"https:\/\/cdnoticias.com\/index.php\/wp-json\/wp\/v2\/types\/post"}],"author":[{"embeddable":true,"href":"https:\/\/cdnoticias.com\/index.php\/wp-json\/wp\/v2\/users\/96739694"}],"replies":[{"embeddable":true,"href":"https:\/\/cdnoticias.com\/index.php\/wp-json\/wp\/v2\/comments?post=141399"}],"version-history":[{"count":0,"href":"https:\/\/cdnoticias.com\/index.php\/wp-json\/wp\/v2\/posts\/141399\/revisions"}],"wp:attachment":[{"href":"https:\/\/cdnoticias.com\/index.php\/wp-json\/wp\/v2\/media?parent=141399"}],"wp:term":[{"taxonomy":"category","embeddable":true,"href":"https:\/\/cdnoticias.com\/index.php\/wp-json\/wp\/v2\/categories?post=141399"},{"taxonomy":"post_tag","embeddable":true,"href":"https:\/\/cdnoticias.com\/index.php\/wp-json\/wp\/v2\/tags?post=141399"}],"curies":[{"name":"wp","href":"https:\/\/api.w.org\/{rel}","templated":true}]}}