{"id":141398,"date":"2021-08-05T18:27:02","date_gmt":"2021-08-05T21:27:02","guid":{"rendered":"http:\/\/centraldeportes.com.ar\/?p=3025"},"modified":"2025-01-28T00:05:11","modified_gmt":"2025-01-28T03:05:11","slug":"presencia-olavarriense-en-el-cuadrilatero-azuleno","status":"publish","type":"post","link":"https:\/\/cdnoticias.com\/index.php\/2021\/08\/05\/presencia-olavarriense-en-el-cuadrilatero-azuleno\/","title":{"rendered":"Presencia olavarriense en el cuadril\u00e1tero azule\u00f1o"},"content":{"rendered":"<p>El pr\u00f3ximo s\u00e1bado se realizar\u00e1 un festival de boxeo en Azul Athletic que tendr\u00e1 la presencia de tres boxeadores representantes de Olavarr\u00eda. Gonzalo Andreasen ser\u00e1 el encargado de cerrar la velada.<!--more--><\/p>\n<hr \/>\n<p>En la vecina localidad de Azul se presentar\u00e1n Gonzalo Andreasen, Alejandro Almeida y Ludmila Cort\u00e9s en un festival que contar\u00e1 con 8 peleas, 4 profesionales y otras 4 amateur.<\/p>\n<p>&nbsp;<\/p>\n<p>Gonzalo Andresen enfrentando a Pablo Battista de Saladillo en seis rounds dentro de la categor\u00eda Medio Pesado ser\u00e1n los encargados del \u00faltimo combate, mientras que entre las peleas amateurs debutar\u00e1 Alejandro Almeida\u00a0del Dojo Pantera contra Emilio Sosa.<\/p>\n<p>&nbsp;<\/p>\n<p>Al ring tambi\u00e9n se subir\u00e1 Ludmila Cort\u00e9s que regresa al boxeo y enfrentar\u00e1 a la bragadense Mar\u00eda Eugenia Liberotti.<\/p>\n<p>&nbsp;<\/p>\n<p>Todas las peleas ser\u00e1n trasmitidas por streaming debido a la imposibilidad de la presencia de espectadores y quienes deseen ver los 8 combates deber\u00e1n comunicarse con el mismo Andreasen.<\/p>\n","protected":false},"excerpt":{"rendered":"<p>El pr\u00f3ximo s\u00e1bado se realizar\u00e1 un festival de boxeo en Azul Athletic que tendr\u00e1 la presencia de tres boxeadores representantes<\/p>\n","protected":false},"author":96739694,"featured_media":142696,"comment_status":"closed","ping_status":"closed","sticky":false,"template":"","format":"standard","meta":{"_jetpack_memberships_contains_paid_content":false,"footnotes":""},"categories":[30,1],"tags":[],"class_list":["post-141398","post","type-post","status-publish","format-standard","has-post-thumbnail","hentry","category-polideportivo","category-portada"],"jetpack_featured_media_url":"https:\/\/i0.wp.com\/cdnoticias.com\/wp-content\/uploads\/2021\/07\/1-13.png?fit=800%2C445&ssl=1","jetpack_sharing_enabled":true,"_links":{"self":[{"href":"https:\/\/cdnoticias.com\/index.php\/wp-json\/wp\/v2\/posts\/141398","targetHints":{"allow":["GET"]}}],"collection":[{"href":"https:\/\/cdnoticias.com\/index.php\/wp-json\/wp\/v2\/posts"}],"about":[{"href":"https:\/\/cdnoticias.com\/index.php\/wp-json\/wp\/v2\/types\/post"}],"author":[{"embeddable":true,"href":"https:\/\/cdnoticias.com\/index.php\/wp-json\/wp\/v2\/users\/96739694"}],"replies":[{"embeddable":true,"href":"https:\/\/cdnoticias.com\/index.php\/wp-json\/wp\/v2\/comments?post=141398"}],"version-history":[{"count":0,"href":"https:\/\/cdnoticias.com\/index.php\/wp-json\/wp\/v2\/posts\/141398\/revisions"}],"wp:featuredmedia":[{"embeddable":true,"href":"https:\/\/cdnoticias.com\/index.php\/wp-json\/wp\/v2\/media\/142696"}],"wp:attachment":[{"href":"https:\/\/cdnoticias.com\/index.php\/wp-json\/wp\/v2\/media?parent=141398"}],"wp:term":[{"taxonomy":"category","embeddable":true,"href":"https:\/\/cdnoticias.com\/index.php\/wp-json\/wp\/v2\/categories?post=141398"},{"taxonomy":"post_tag","embeddable":true,"href":"https:\/\/cdnoticias.com\/index.php\/wp-json\/wp\/v2\/tags?post=141398"}],"curies":[{"name":"wp","href":"https:\/\/api.w.org\/{rel}","templated":true}]}}