{"id":141397,"date":"2021-08-05T15:26:34","date_gmt":"2021-08-05T18:26:34","guid":{"rendered":"http:\/\/centraldeportes.com.ar\/?p=3023"},"modified":"2025-01-28T00:05:14","modified_gmt":"2025-01-28T03:05:14","slug":"el-zonal-del-atlantico-el-tss-y-la-copa-gol-llegan-al-amco","status":"publish","type":"post","link":"https:\/\/cdnoticias.com\/index.php\/2021\/08\/05\/el-zonal-del-atlantico-el-tss-y-la-copa-gol-llegan-al-amco\/","title":{"rendered":"El zonal del Atl\u00e1ntico, el TSS y la Copa Gol llegan al AMCO"},"content":{"rendered":"<p>Este s\u00e1bado y domingo vuelve el automovilismo zonal al aut\u00f3dromo local, con la presencia de las categor\u00edas de la Federaci\u00f3n Mar y Sierras, que compartir\u00e1n espect\u00e1culo con el Turismo Sport del Sudeste y la flamante Copa VW Gol del Sudeste.<!--more--><\/p>\n<hr \/>\n<p>El aut\u00f3dromo \u201cHermanos Emiliozzi\u201d recibe este fin de semana a una gran cantidad de protagonistas de la mano de las categor\u00edas del Atl\u00e1ntico, con sus cuatro categor\u00edas, Promocional, Monomarca Fiat, TC 2000 y Turismo Special de la Costa, y las divisionales locales, Turismo Sport del Sudeste y Copa VW Gol correspondientes a la Frad N\u00ba3 del Sudeste.<\/p>\n<p>El Turismo Special de la Costa es una categor\u00eda bastante similar a la categor\u00eda local, el Turismo Sport del Sudeste, en realidad esta \u00faltima es m\u00e1s nueva y surge con alguna similitud al TSC que supo ser una de las categor\u00edas zonales m\u00e1s populares de la regi\u00f3n. Sus autos son muy similares a los viejos Turismo Carretera, en su mayor\u00eda Ford y Chevrolet, aunque tambi\u00e9n se destacan el Torino y el Ford Fairlaine.<\/p>\n<p>La Promocional, es una categor\u00eda que fue dejando atr\u00e1s a los Fiat 850 y Renault Gordini por los actuales Fiat 147 y Chevrolet Corsa, aunque a\u00fan resiste el popular Citro\u00ebn. Al igual que la Monomarca, que a los Fiat 128 sum\u00f3 tambi\u00e9n los Fiat Uno.<\/p>\n<p>Por \u00faltimo, el TC 2000, una reminiscencia de su hom\u00f3nimo, el viejo TC 2000, que hoy mut\u00f3 a Super TC2000 tras mucha evoluci\u00f3n. Todas estas categor\u00edas, como el zonal en general, no atraviesan su mejor momento, pero fueron importantes y referencia para todos aquellos pilotos zonales que quer\u00edan dar un salto de calidad.<\/p>\n<p>En lo deportivo, la actividad comenzar\u00e1 este s\u00e1bado con pruebas desde las 10:30; pasado el mediod\u00eda habr\u00e1 clasificaciones y finales para las categor\u00edas que compiten con pilotos invitados. El s\u00e1bado culminar\u00e1 la jornada con los entrenamientos para el Turismo Sport del Sudeste y la Copa Gol.<\/p>\n<p>El domingo las mismas divisionales locales ser\u00e1n las encargadas de abrir la pista con la clasificaci\u00f3n, mientras que 9:45 est\u00e1 previsto que se dispute la final del TC2000 y luego el resto de las categor\u00edas, hasta la \u00faltima final, 16:45 para el cierre del espect\u00e1culo con el TSS<\/p>\n","protected":false},"excerpt":{"rendered":"<p>Este s\u00e1bado y domingo vuelve el automovilismo zonal al aut\u00f3dromo local, con la presencia de las categor\u00edas de la Federaci\u00f3n<\/p>\n","protected":false},"author":96739694,"featured_media":0,"comment_status":"closed","ping_status":"closed","sticky":false,"template":"","format":"standard","meta":{"_jetpack_memberships_contains_paid_content":false,"footnotes":""},"categories":[34,52,1,53],"tags":[],"class_list":["post-141397","post","type-post","status-publish","format-standard","hentry","category-automovilismo","category-vw-gol","category-portada","category-tss"],"jetpack_featured_media_url":"","jetpack_sharing_enabled":true,"_links":{"self":[{"href":"https:\/\/cdnoticias.com\/index.php\/wp-json\/wp\/v2\/posts\/141397","targetHints":{"allow":["GET"]}}],"collection":[{"href":"https:\/\/cdnoticias.com\/index.php\/wp-json\/wp\/v2\/posts"}],"about":[{"href":"https:\/\/cdnoticias.com\/index.php\/wp-json\/wp\/v2\/types\/post"}],"author":[{"embeddable":true,"href":"https:\/\/cdnoticias.com\/index.php\/wp-json\/wp\/v2\/users\/96739694"}],"replies":[{"embeddable":true,"href":"https:\/\/cdnoticias.com\/index.php\/wp-json\/wp\/v2\/comments?post=141397"}],"version-history":[{"count":0,"href":"https:\/\/cdnoticias.com\/index.php\/wp-json\/wp\/v2\/posts\/141397\/revisions"}],"wp:attachment":[{"href":"https:\/\/cdnoticias.com\/index.php\/wp-json\/wp\/v2\/media?parent=141397"}],"wp:term":[{"taxonomy":"category","embeddable":true,"href":"https:\/\/cdnoticias.com\/index.php\/wp-json\/wp\/v2\/categories?post=141397"},{"taxonomy":"post_tag","embeddable":true,"href":"https:\/\/cdnoticias.com\/index.php\/wp-json\/wp\/v2\/tags?post=141397"}],"curies":[{"name":"wp","href":"https:\/\/api.w.org\/{rel}","templated":true}]}}