{"id":141390,"date":"2021-08-04T12:00:09","date_gmt":"2021-08-04T15:00:09","guid":{"rendered":"http:\/\/centraldeportes.com.ar\/?p=2991"},"modified":"2025-01-28T00:05:37","modified_gmt":"2025-01-28T03:05:37","slug":"nueva-comision-directiva-para-la-asociacion-de-arbitros-de-olavarria","status":"publish","type":"post","link":"https:\/\/cdnoticias.com\/index.php\/2021\/08\/04\/nueva-comision-directiva-para-la-asociacion-de-arbitros-de-olavarria\/","title":{"rendered":"Nueva Comisi\u00f3n Directiva para la Asociaci\u00f3n de \u00c1rbitros de Olavarr\u00eda"},"content":{"rendered":"<p>El grupo de \u00e1rbitros que se encarga de impartir justicia en el f\u00fatbol liguista. tuvo d\u00edas atr\u00e1s la renovaci\u00f3n de autoridades en su Comisi\u00f3n Directiva y se decidi\u00f3 que Jer\u00f3nimo Gallo sea el nuevo presidente.<!--more--><\/p>\n<hr \/>\n<p>El pasado lunes 2 de agosto, se llev\u00f3 a cabo la elecci\u00f3n de las nuevas autoridades que dirigir\u00e1n la Asociaci\u00f3n de \u00c1rbitros de Olavarr\u00eda durante los pr\u00f3ximos dos a\u00f1os en reemplazo de Leonardo Rossi y Adri\u00e1n Deber.<\/p>\n<p>&nbsp;<\/p>\n<p>Siendo elegido por la mayor\u00eda de los asociados, el nuevo presidente es Jer\u00f3nimo Gallo y el \u201cvice\u201d Cristian Arce.<\/p>\n<p>&nbsp;<\/p>\n<p>Adem\u00e1s el resto de la Comisi\u00f3n est\u00e1 formada por:<\/p>\n<p>Presidente: jeronimo Gallo Cabrera<br \/>\nVicepresidente: Cristian Arce<br \/>\nSecretario: Luis Fr\u00edas<br \/>\nTesorero: Valentin Pompei<br \/>\nVocales:<br \/>\nFrancisco Gonz\u00e1lez<br \/>\nAgustina Loos<br \/>\nBrenda Valiente<\/p>\n","protected":false},"excerpt":{"rendered":"<p>El grupo de \u00e1rbitros que se encarga de impartir justicia en el f\u00fatbol liguista. tuvo d\u00edas atr\u00e1s la renovaci\u00f3n de<\/p>\n","protected":false},"author":96739694,"featured_media":143060,"comment_status":"closed","ping_status":"closed","sticky":false,"template":"","format":"standard","meta":{"_jetpack_memberships_contains_paid_content":false,"footnotes":""},"categories":[35,1],"tags":[],"class_list":["post-141390","post","type-post","status-publish","format-standard","has-post-thumbnail","hentry","category-futbol","category-portada"],"jetpack_featured_media_url":"https:\/\/i0.wp.com\/cdnoticias.com\/wp-content\/uploads\/2021\/08\/arbitrosportada.png?fit=800%2C445&ssl=1","jetpack_sharing_enabled":true,"_links":{"self":[{"href":"https:\/\/cdnoticias.com\/index.php\/wp-json\/wp\/v2\/posts\/141390","targetHints":{"allow":["GET"]}}],"collection":[{"href":"https:\/\/cdnoticias.com\/index.php\/wp-json\/wp\/v2\/posts"}],"about":[{"href":"https:\/\/cdnoticias.com\/index.php\/wp-json\/wp\/v2\/types\/post"}],"author":[{"embeddable":true,"href":"https:\/\/cdnoticias.com\/index.php\/wp-json\/wp\/v2\/users\/96739694"}],"replies":[{"embeddable":true,"href":"https:\/\/cdnoticias.com\/index.php\/wp-json\/wp\/v2\/comments?post=141390"}],"version-history":[{"count":0,"href":"https:\/\/cdnoticias.com\/index.php\/wp-json\/wp\/v2\/posts\/141390\/revisions"}],"wp:featuredmedia":[{"embeddable":true,"href":"https:\/\/cdnoticias.com\/index.php\/wp-json\/wp\/v2\/media\/143060"}],"wp:attachment":[{"href":"https:\/\/cdnoticias.com\/index.php\/wp-json\/wp\/v2\/media?parent=141390"}],"wp:term":[{"taxonomy":"category","embeddable":true,"href":"https:\/\/cdnoticias.com\/index.php\/wp-json\/wp\/v2\/categories?post=141390"},{"taxonomy":"post_tag","embeddable":true,"href":"https:\/\/cdnoticias.com\/index.php\/wp-json\/wp\/v2\/tags?post=141390"}],"curies":[{"name":"wp","href":"https:\/\/api.w.org\/{rel}","templated":true}]}}